{"id":41647,"date":"2018-10-10T15:52:34","date_gmt":"2018-10-10T18:52:34","guid":{"rendered":"https:\/\/eldiariodesanpedro.com.ar\/sitio\/?p=41647"},"modified":"2018-10-10T15:52:34","modified_gmt":"2018-10-10T18:52:34","slug":"zarate-acciones-conjuntas-entre-el-municipio-y-la-defensoria-contra-los-cargos-adicionales-en-las-facturas-de-gas","status":"publish","type":"post","link":"https:\/\/eldiariodesanpedro.com.ar\/sitio\/zarate-acciones-conjuntas-entre-el-municipio-y-la-defensoria-contra-los-cargos-adicionales-en-las-facturas-de-gas\/","title":{"rendered":"Z\u00c1RATE: Acciones conjuntas entre el Municipio y la Defensor\u00eda contra los cargos adicionales en las facturas de gas"},"content":{"rendered":"<p><!-- VideographyWP Plugin Message: Automatic video embedding prevented by plugin options. --><br \/>\nSe anunciaron las medidas conjuntas que est\u00e1n llevando a cabo la Defensa del Consumidor de la Municipalidad de Z\u00e1rate y la Defensor\u00eda de la Provincia de Buenos Aires.<\/p>\n<p>En la ma\u00f1ana de este mi\u00e9rcoles y en conferencia de prensa, se anunciaron las medidas conjuntas que est\u00e1n llevando a cabo la Defensa del Consumidor de la Municipalidad de Z\u00e1rate y la Defensor\u00eda de la Provincia de Buenos Aires, contra la Resoluci\u00f3n 20\/2018 de la Secretar\u00eda de Energ\u00eda de la Naci\u00f3n que autoriz\u00f3 cargos adicionales en las facturas de gas.<\/p>\n<p>\u201cSon medidas injustas y arbitrarias por eso vamos a acompa\u00f1ar al vecino en todas las instancias\u201d, se\u00f1alaron.<\/p>\n<p>Fuente: Enlace Critico<\/p>\n","protected":false},"excerpt":{"rendered":"<p>Se anunciaron las medidas conjuntas que est\u00e1n llevando a cabo la Defensa del Consumidor de la Municipalidad de Z\u00e1rate y la Defensor\u00eda de la Provincia de Buenos Aires. En la ma\u00f1ana de este mi\u00e9rcoles y en conferencia de prensa, se anunciaron las medidas conjuntas que est\u00e1n llevando a cabo la Defensa del Consumidor de la [&hellip;]<\/p>\n","protected":false},"author":4,"featured_media":41648,"comment_status":"open","ping_status":"closed","sticky":false,"template":"","format":"standard","meta":{"om_disable_all_campaigns":false,"_jetpack_memberships_contains_paid_content":false,"footnotes":""},"categories":[621],"tags":[],"class_list":["post-41647","post","type-post","status-publish","format-standard","has-post-thumbnail","hentry","category-regionales"],"aioseo_notices":[],"gutentor_comment":0,"jetpack_featured_media_url":"https:\/\/eldiariodesanpedro.com.ar\/sitio\/wp-content\/uploads\/2018\/10\/59d15ade-dee8-413e-9903-7d45c9b2d54b_658x400.jpg","jetpack_shortlink":"https:\/\/wp.me\/p6RhLt-aPJ","jetpack_sharing_enabled":true,"_links":{"self":[{"href":"https:\/\/eldiariodesanpedro.com.ar\/sitio\/wp-json\/wp\/v2\/posts\/41647","targetHints":{"allow":["GET"]}}],"collection":[{"href":"https:\/\/eldiariodesanpedro.com.ar\/sitio\/wp-json\/wp\/v2\/posts"}],"about":[{"href":"https:\/\/eldiariodesanpedro.com.ar\/sitio\/wp-json\/wp\/v2\/types\/post"}],"author":[{"embeddable":true,"href":"https:\/\/eldiariodesanpedro.com.ar\/sitio\/wp-json\/wp\/v2\/users\/4"}],"replies":[{"embeddable":true,"href":"https:\/\/eldiariodesanpedro.com.ar\/sitio\/wp-json\/wp\/v2\/comments?post=41647"}],"version-history":[{"count":1,"href":"https:\/\/eldiariodesanpedro.com.ar\/sitio\/wp-json\/wp\/v2\/posts\/41647\/revisions"}],"predecessor-version":[{"id":41649,"href":"https:\/\/eldiariodesanpedro.com.ar\/sitio\/wp-json\/wp\/v2\/posts\/41647\/revisions\/41649"}],"wp:featuredmedia":[{"embeddable":true,"href":"https:\/\/eldiariodesanpedro.com.ar\/sitio\/wp-json\/wp\/v2\/media\/41648"}],"wp:attachment":[{"href":"https:\/\/eldiariodesanpedro.com.ar\/sitio\/wp-json\/wp\/v2\/media?parent=41647"}],"wp:term":[{"taxonomy":"category","embeddable":true,"href":"https:\/\/eldiariodesanpedro.com.ar\/sitio\/wp-json\/wp\/v2\/categories?post=41647"},{"taxonomy":"post_tag","embeddable":true,"href":"https:\/\/eldiariodesanpedro.com.ar\/sitio\/wp-json\/wp\/v2\/tags?post=41647"}],"curies":[{"name":"wp","href":"https:\/\/api.w.org\/{rel}","templated":true}]}}