{"id":41640,"date":"2018-10-10T15:28:42","date_gmt":"2018-10-10T18:28:42","guid":{"rendered":"https:\/\/eldiariodesanpedro.com.ar\/sitio\/?p=41640"},"modified":"2018-10-10T15:28:42","modified_gmt":"2018-10-10T18:28:42","slug":"san-nicolas-joven-pelea-por-su-vida-luego-de-ser-apunalado","status":"publish","type":"post","link":"https:\/\/eldiariodesanpedro.com.ar\/sitio\/san-nicolas-joven-pelea-por-su-vida-luego-de-ser-apunalado\/","title":{"rendered":"SAN NICOLAS:  Joven pelea por su vida luego de ser apu\u00f1alado"},"content":{"rendered":"<p><!-- VideographyWP Plugin Message: Automatic video embedding prevented by plugin options. --><br \/>\nMaximiliano Miranda de 34 a\u00f1os ingres\u00f3 al Hospital San Felipe con heridas de arma blanca en su cuerpo. La v\u00edctima presentaba una lesi\u00f3n corto punzante en el abdomen y en el pulm\u00f3n derecho que oblig\u00f3 su intervenci\u00f3n quir\u00fargica de manera inmediata.<br \/>\nPermanece alojado en la Unidad de Terapia Intensiva del nosocomio con riesgo de vida.<\/p>\n<p>El agresor, Oscar Palavecino de 64 a\u00f1os, fue aprehendido e imputado por Lesiones Graves. La polic\u00eda logr\u00f3 el secuestr\u00f3 del arma utilizada.<\/p>\n<p>El hecho ocurri\u00f3 en inmediaciones de Am\u00e9rica y Olleros en la ma\u00f1ana del lunes. Trascendi\u00f3 que se trat\u00f3 de una pelea vecinal que inici\u00f3 con un golpe de Miranda hacia Palavecino, quien devolvi\u00f3 la agresi\u00f3n con dos pu\u00f1aladas.<\/p>\n<p>La fiscal\u00eda N\u00ba 3 avanza en la investigaci\u00f3n.<\/p>\n<p>Fuente: Diario El Informante<\/p>\n","protected":false},"excerpt":{"rendered":"<p>Maximiliano Miranda de 34 a\u00f1os ingres\u00f3 al Hospital San Felipe con heridas de arma blanca en su cuerpo. La v\u00edctima presentaba una lesi\u00f3n corto punzante en el abdomen y en el pulm\u00f3n derecho que oblig\u00f3 su intervenci\u00f3n quir\u00fargica de manera inmediata. Permanece alojado en la Unidad de Terapia Intensiva del nosocomio con riesgo de vida. [&hellip;]<\/p>\n","protected":false},"author":4,"featured_media":41641,"comment_status":"open","ping_status":"closed","sticky":false,"template":"","format":"standard","meta":{"om_disable_all_campaigns":false,"_jetpack_memberships_contains_paid_content":false,"footnotes":""},"categories":[621],"tags":[],"class_list":["post-41640","post","type-post","status-publish","format-standard","has-post-thumbnail","hentry","category-regionales"],"aioseo_notices":[],"gutentor_comment":0,"jetpack_featured_media_url":"https:\/\/eldiariodesanpedro.com.ar\/sitio\/wp-content\/uploads\/2018\/10\/nop1cpceslfd1a912dq1f9obmv14e31.jpg","jetpack_shortlink":"https:\/\/wp.me\/p6RhLt-aPC","jetpack_sharing_enabled":true,"_links":{"self":[{"href":"https:\/\/eldiariodesanpedro.com.ar\/sitio\/wp-json\/wp\/v2\/posts\/41640","targetHints":{"allow":["GET"]}}],"collection":[{"href":"https:\/\/eldiariodesanpedro.com.ar\/sitio\/wp-json\/wp\/v2\/posts"}],"about":[{"href":"https:\/\/eldiariodesanpedro.com.ar\/sitio\/wp-json\/wp\/v2\/types\/post"}],"author":[{"embeddable":true,"href":"https:\/\/eldiariodesanpedro.com.ar\/sitio\/wp-json\/wp\/v2\/users\/4"}],"replies":[{"embeddable":true,"href":"https:\/\/eldiariodesanpedro.com.ar\/sitio\/wp-json\/wp\/v2\/comments?post=41640"}],"version-history":[{"count":1,"href":"https:\/\/eldiariodesanpedro.com.ar\/sitio\/wp-json\/wp\/v2\/posts\/41640\/revisions"}],"predecessor-version":[{"id":41642,"href":"https:\/\/eldiariodesanpedro.com.ar\/sitio\/wp-json\/wp\/v2\/posts\/41640\/revisions\/41642"}],"wp:featuredmedia":[{"embeddable":true,"href":"https:\/\/eldiariodesanpedro.com.ar\/sitio\/wp-json\/wp\/v2\/media\/41641"}],"wp:attachment":[{"href":"https:\/\/eldiariodesanpedro.com.ar\/sitio\/wp-json\/wp\/v2\/media?parent=41640"}],"wp:term":[{"taxonomy":"category","embeddable":true,"href":"https:\/\/eldiariodesanpedro.com.ar\/sitio\/wp-json\/wp\/v2\/categories?post=41640"},{"taxonomy":"post_tag","embeddable":true,"href":"https:\/\/eldiariodesanpedro.com.ar\/sitio\/wp-json\/wp\/v2\/tags?post=41640"}],"curies":[{"name":"wp","href":"https:\/\/api.w.org\/{rel}","templated":true}]}}