{"id":41637,"date":"2018-10-10T14:40:05","date_gmt":"2018-10-10T17:40:05","guid":{"rendered":"https:\/\/eldiariodesanpedro.com.ar\/sitio\/?p=41637"},"modified":"2018-10-10T14:40:05","modified_gmt":"2018-10-10T17:40:05","slug":"dos-grupos-de-envion-en-un-concurso-audiovisual-sobre-consumo-de-sustancias-problematicas","status":"publish","type":"post","link":"https:\/\/eldiariodesanpedro.com.ar\/sitio\/dos-grupos-de-envion-en-un-concurso-audiovisual-sobre-consumo-de-sustancias-problematicas\/","title":{"rendered":"Dos grupos de ENVI\u00d3N en un concurso audiovisual sobre consumo de sustancias problem\u00e1ticas"},"content":{"rendered":"<p><!-- VideographyWP Plugin Message: Automatic video embedding prevented by plugin options. --><br \/>\nDos grupos del Programa Envi\u00f3n que coordina la Secretar\u00eda de Desarrollo Humano de la Municipalidad de San Pedro elaboraron corto documentales en video que participar\u00e1n del concurso Envi\u00f3n Pide la Palabra y que dispara en los j\u00f3venes una investigaci\u00f3n y una reflexi\u00f3n sobre el consumo de sustancias problem\u00e1ticas.<\/p>\n<p>La propuesta formulada a los chicos incluy\u00f3 la elaboraci\u00f3n de un flyer m\u00e1s un audiovisual planteando el tema contextualizado en el barrio en el que residen. <\/p>\n<p>Este material que surgi\u00f3 del trabajo en equipo orientado  con el acompa\u00f1amiento de los Preventores Comunitarios formados por SEDRONAR. Para lo cual el Equipo T\u00e9cnico del Programa realiz\u00f3 diversas capacitaciones al respecto, en dicha instituci\u00f3n.  <\/p>\n<p>Los videos fueron realizados con mucho entusiasmo por los chicos y adem\u00e1s de ser publicados en las redes sociales y en diferentes plataformas, ser\u00e1n evaluados por un jurado integrado por representantes del programa de RSE, Responsabilidad Social Compartida Envi\u00f3n y  SEDRONAR. Aunque el objetivo est\u00e1 cumplido con la iniciativa concretada y con lo que este tipo de actividad genera en los j\u00f3venes, el resultado del concurso ser\u00e1 anunciado el 20 de noviembre.<\/p>\n","protected":false},"excerpt":{"rendered":"<p>Dos grupos del Programa Envi\u00f3n que coordina la Secretar\u00eda de Desarrollo Humano de la Municipalidad de San Pedro elaboraron corto documentales en video que participar\u00e1n del concurso Envi\u00f3n Pide la Palabra y que dispara en los j\u00f3venes una investigaci\u00f3n y una reflexi\u00f3n sobre el consumo de sustancias problem\u00e1ticas. La propuesta formulada a los chicos incluy\u00f3 [&hellip;]<\/p>\n","protected":false},"author":4,"featured_media":41638,"comment_status":"open","ping_status":"closed","sticky":false,"template":"","format":"standard","meta":{"om_disable_all_campaigns":false,"_jetpack_memberships_contains_paid_content":false,"footnotes":""},"categories":[101,2],"tags":[],"class_list":["post-41637","post","type-post","status-publish","format-standard","has-post-thumbnail","hentry","category-interes-general-locales","category-locales"],"aioseo_notices":[],"gutentor_comment":0,"jetpack_featured_media_url":"https:\/\/eldiariodesanpedro.com.ar\/sitio\/wp-content\/uploads\/2018\/10\/DkvM0C2XcAE7VxX.jpg","jetpack_shortlink":"https:\/\/wp.me\/p6RhLt-aPz","jetpack_sharing_enabled":true,"_links":{"self":[{"href":"https:\/\/eldiariodesanpedro.com.ar\/sitio\/wp-json\/wp\/v2\/posts\/41637","targetHints":{"allow":["GET"]}}],"collection":[{"href":"https:\/\/eldiariodesanpedro.com.ar\/sitio\/wp-json\/wp\/v2\/posts"}],"about":[{"href":"https:\/\/eldiariodesanpedro.com.ar\/sitio\/wp-json\/wp\/v2\/types\/post"}],"author":[{"embeddable":true,"href":"https:\/\/eldiariodesanpedro.com.ar\/sitio\/wp-json\/wp\/v2\/users\/4"}],"replies":[{"embeddable":true,"href":"https:\/\/eldiariodesanpedro.com.ar\/sitio\/wp-json\/wp\/v2\/comments?post=41637"}],"version-history":[{"count":1,"href":"https:\/\/eldiariodesanpedro.com.ar\/sitio\/wp-json\/wp\/v2\/posts\/41637\/revisions"}],"predecessor-version":[{"id":41639,"href":"https:\/\/eldiariodesanpedro.com.ar\/sitio\/wp-json\/wp\/v2\/posts\/41637\/revisions\/41639"}],"wp:featuredmedia":[{"embeddable":true,"href":"https:\/\/eldiariodesanpedro.com.ar\/sitio\/wp-json\/wp\/v2\/media\/41638"}],"wp:attachment":[{"href":"https:\/\/eldiariodesanpedro.com.ar\/sitio\/wp-json\/wp\/v2\/media?parent=41637"}],"wp:term":[{"taxonomy":"category","embeddable":true,"href":"https:\/\/eldiariodesanpedro.com.ar\/sitio\/wp-json\/wp\/v2\/categories?post=41637"},{"taxonomy":"post_tag","embeddable":true,"href":"https:\/\/eldiariodesanpedro.com.ar\/sitio\/wp-json\/wp\/v2\/tags?post=41637"}],"curies":[{"name":"wp","href":"https:\/\/api.w.org\/{rel}","templated":true}]}}