{"id":41634,"date":"2018-10-10T14:26:27","date_gmt":"2018-10-10T17:26:27","guid":{"rendered":"https:\/\/eldiariodesanpedro.com.ar\/sitio\/?p=41634"},"modified":"2018-10-10T14:26:27","modified_gmt":"2018-10-10T17:26:27","slug":"taller-de-medicina-y-alimentacion-intercultural","status":"publish","type":"post","link":"https:\/\/eldiariodesanpedro.com.ar\/sitio\/taller-de-medicina-y-alimentacion-intercultural\/","title":{"rendered":"Taller de medicina y alimentaci\u00f3n intercultural"},"content":{"rendered":"<p><!-- VideographyWP Plugin Message: Automatic video embedding prevented by plugin options. --><br \/>\nEl pr\u00f3ximo s\u00e1bado de 10 a 15 en el Centro El Antigal, Manuel Iglesias 1515, tendr\u00e1 lugar el tercer taller de cocina y medicina intercultural ind\u00edgena organizado por el Equipo de Medicina Intercultural que componen diferentes representantes de organizaciones instituciones que trabajan por la integraci\u00f3n de actividades que involucren las opciones tradicionales con aquellas que surgen de las propuestas de quienes son parte de los pueblos originarios. En San Pedro ya se han desarrollado m\u00faltiples acciones y desde aqu\u00ed se ha concurrido a encuentros con una tem\u00e1tica similar.<\/p>\n<p> Para este taller se espera la presencia de referentes nacionales, funcionarios y profesionales que trabajar\u00e1n en una mesa interdisciplinaria. La coordinaci\u00f3n estar\u00e1 a cargo de la Cacique QOM Clara Romero y funcionarios de la Secretar\u00eda de Salud de nuestra municipalidad que cuenta con consultorios interculturales y un grupo activo en esta materia. Para inscribirse ingresar en pindigenas.fito@gmail.com, o al tel\u00e9fono 03329-426832.<\/p>\n","protected":false},"excerpt":{"rendered":"<p>El pr\u00f3ximo s\u00e1bado de 10 a 15 en el Centro El Antigal, Manuel Iglesias 1515, tendr\u00e1 lugar el tercer taller de cocina y medicina intercultural ind\u00edgena organizado por el Equipo de Medicina Intercultural que componen diferentes representantes de organizaciones instituciones que trabajan por la integraci\u00f3n de actividades que involucren las opciones tradicionales con aquellas que [&hellip;]<\/p>\n","protected":false},"author":4,"featured_media":41635,"comment_status":"open","ping_status":"closed","sticky":false,"template":"","format":"standard","meta":{"om_disable_all_campaigns":false,"_jetpack_memberships_contains_paid_content":false,"footnotes":""},"categories":[101,2],"tags":[],"class_list":["post-41634","post","type-post","status-publish","format-standard","has-post-thumbnail","hentry","category-interes-general-locales","category-locales"],"aioseo_notices":[],"gutentor_comment":0,"jetpack_featured_media_url":"https:\/\/eldiariodesanpedro.com.ar\/sitio\/wp-content\/uploads\/2018\/10\/f1.jpg","jetpack_shortlink":"https:\/\/wp.me\/p6RhLt-aPw","jetpack_sharing_enabled":true,"_links":{"self":[{"href":"https:\/\/eldiariodesanpedro.com.ar\/sitio\/wp-json\/wp\/v2\/posts\/41634","targetHints":{"allow":["GET"]}}],"collection":[{"href":"https:\/\/eldiariodesanpedro.com.ar\/sitio\/wp-json\/wp\/v2\/posts"}],"about":[{"href":"https:\/\/eldiariodesanpedro.com.ar\/sitio\/wp-json\/wp\/v2\/types\/post"}],"author":[{"embeddable":true,"href":"https:\/\/eldiariodesanpedro.com.ar\/sitio\/wp-json\/wp\/v2\/users\/4"}],"replies":[{"embeddable":true,"href":"https:\/\/eldiariodesanpedro.com.ar\/sitio\/wp-json\/wp\/v2\/comments?post=41634"}],"version-history":[{"count":1,"href":"https:\/\/eldiariodesanpedro.com.ar\/sitio\/wp-json\/wp\/v2\/posts\/41634\/revisions"}],"predecessor-version":[{"id":41636,"href":"https:\/\/eldiariodesanpedro.com.ar\/sitio\/wp-json\/wp\/v2\/posts\/41634\/revisions\/41636"}],"wp:featuredmedia":[{"embeddable":true,"href":"https:\/\/eldiariodesanpedro.com.ar\/sitio\/wp-json\/wp\/v2\/media\/41635"}],"wp:attachment":[{"href":"https:\/\/eldiariodesanpedro.com.ar\/sitio\/wp-json\/wp\/v2\/media?parent=41634"}],"wp:term":[{"taxonomy":"category","embeddable":true,"href":"https:\/\/eldiariodesanpedro.com.ar\/sitio\/wp-json\/wp\/v2\/categories?post=41634"},{"taxonomy":"post_tag","embeddable":true,"href":"https:\/\/eldiariodesanpedro.com.ar\/sitio\/wp-json\/wp\/v2\/tags?post=41634"}],"curies":[{"name":"wp","href":"https:\/\/api.w.org\/{rel}","templated":true}]}}