{"id":41630,"date":"2018-10-10T13:46:03","date_gmt":"2018-10-10T16:46:03","guid":{"rendered":"https:\/\/eldiariodesanpedro.com.ar\/sitio\/?p=41630"},"modified":"2018-10-10T13:49:00","modified_gmt":"2018-10-10T16:49:00","slug":"bomberos-salvan-la-vida-de-una-persona-que-pretendia-suicidarse","status":"publish","type":"post","link":"https:\/\/eldiariodesanpedro.com.ar\/sitio\/bomberos-salvan-la-vida-de-una-persona-que-pretendia-suicidarse\/","title":{"rendered":"Bomberos salvan la vida de una persona que pretend\u00eda suicidarse"},"content":{"rendered":"<p><!-- VideographyWP Plugin Message: Automatic video embedding prevented by plugin options. --><br \/>\nUna dram\u00e1tica situaci\u00f3n se dio en el interior de una propiedad ubicada en inmediaciones de Litoral y Ruiz Moreno. Los vecinos advirtieron que en el interior de la casa una persona joven, de unos 35 a\u00f1os, pretend\u00eda quitarse la vida y decidieron alertar al cuerpo de Bomberos Voluntarios para asistir a la v\u00edctima.<\/p>\n<p>Los Bomberos, que se encontraban de academia en la misma noche en la zona de la balanza sobre ruta nacional 9 se demorarian en llegar, por esto quienes se dirigieron r\u00e1pidamente a la vivienda fueron el presidente de la comisi\u00f3n de bomberos Mauro Rassio junto y Eduardo Dlapa Periodista<br \/>\ne integrante de la comisi\u00f3n quienes se encontraban en el cuartel arribaron r\u00e1pidamente al lugar en su veh\u00edculo particular y tras lograr ingresar al domicilio con la ayuda de efectivos de la polic\u00eda lograron rescatar al hombre que bajo el m\u00e9todo de ahorcamiento pretend\u00eda atentar contra su vida.<\/p>\n<p>El hombre fue rescatado y salvada su vida a tiempo nuevamente gracias a los bomberos de nuestra ciudad que arribaron tambi\u00e9n y la llegada de la ambulancia del Same San Pedro complet\u00f3 el exitoso salvataje. La v\u00edctima fue trasladada a la guardia del hospital \u201cEmilio Ruffa\u201d pero su estado de salud en general era bueno.<\/p>\n<p>Cabe recordar que el hospital de nuestra ciudad cuenta con un sector de psiquiatr\u00eda dispuesto a colaborar con las personas que se encuentren en estado depresivo. En el caso de esta persona se pudo constatar que sufr\u00eda de problemas familiares por lo que tomo esta lamentable decisi\u00f3n.<br \/>\nA si mismos las iglesias de nuestra ciudad as\u00ed sea cat\u00f3lica o evang\u00e9lica tambi\u00e9n puede ayudar a cualquier persona que necesite ser escuchada antes de tomar una pesima decision atentando contra su vida. <\/p>\n<p>Desde el Diario de San Pedro si tenes un problema y no queres acudir a ninguno de estos lugares te recomendamos hablarlo con alguna persona querida, alg\u00fan familiar o amigo o con quien se sienta c\u00f3modo, todo tiene soluci\u00f3n si se habla. <\/p>\n<p><img decoding=\"async\" data-attachment-id=\"41632\" data-permalink=\"https:\/\/eldiariodesanpedro.com.ar\/sitio\/bomberos-salvan-la-vida-de-una-persona-que-pretendia-suicidarse\/whatsapp-image-2018-10-09-at-22-18-39\/\" data-orig-file=\"https:\/\/eldiariodesanpedro.com.ar\/sitio\/wp-content\/uploads\/2018\/10\/WhatsApp-Image-2018-10-09-at-22.18.39.jpeg\" data-orig-size=\"1280,622\" data-comments-opened=\"1\" data-image-meta=\"{&quot;aperture&quot;:&quot;0&quot;,&quot;credit&quot;:&quot;&quot;,&quot;camera&quot;:&quot;&quot;,&quot;caption&quot;:&quot;&quot;,&quot;created_timestamp&quot;:&quot;0&quot;,&quot;copyright&quot;:&quot;&quot;,&quot;focal_length&quot;:&quot;0&quot;,&quot;iso&quot;:&quot;0&quot;,&quot;shutter_speed&quot;:&quot;0&quot;,&quot;title&quot;:&quot;&quot;,&quot;orientation&quot;:&quot;0&quot;}\" data-image-title=\"WhatsApp Image 2018-10-09 at 22.18.39\" data-image-description=\"\" data-image-caption=\"\" data-large-file=\"https:\/\/eldiariodesanpedro.com.ar\/sitio\/wp-content\/uploads\/2018\/10\/WhatsApp-Image-2018-10-09-at-22.18.39-1024x498.jpeg\" data-src=\"https:\/\/eldiariodesanpedro.com.ar\/sitio\/wp-content\/uploads\/2018\/10\/WhatsApp-Image-2018-10-09-at-22.18.39-1024x498.jpeg\" alt=\"\" width=\"660\" height=\"321\" class=\"alignnone size-large wp-image-41632 lazyload\" data-srcset=\"https:\/\/eldiariodesanpedro.com.ar\/sitio\/wp-content\/uploads\/2018\/10\/WhatsApp-Image-2018-10-09-at-22.18.39-1024x498.jpeg 1024w, https:\/\/eldiariodesanpedro.com.ar\/sitio\/wp-content\/uploads\/2018\/10\/WhatsApp-Image-2018-10-09-at-22.18.39-300x146.jpeg 300w, https:\/\/eldiariodesanpedro.com.ar\/sitio\/wp-content\/uploads\/2018\/10\/WhatsApp-Image-2018-10-09-at-22.18.39-768x373.jpeg 768w, https:\/\/eldiariodesanpedro.com.ar\/sitio\/wp-content\/uploads\/2018\/10\/WhatsApp-Image-2018-10-09-at-22.18.39.jpeg 1280w\" data-sizes=\"(max-width: 660px) 100vw, 660px\" src=\"data:image\/svg+xml;base64,PHN2ZyB3aWR0aD0iMSIgaGVpZ2h0PSIxIiB4bWxucz0iaHR0cDovL3d3dy53My5vcmcvMjAwMC9zdmciPjwvc3ZnPg==\" style=\"--smush-placeholder-width: 660px; --smush-placeholder-aspect-ratio: 660\/321;\" \/><\/p>\n","protected":false},"excerpt":{"rendered":"<p>Una dram\u00e1tica situaci\u00f3n se dio en el interior de una propiedad ubicada en inmediaciones de Litoral y Ruiz Moreno. Los vecinos advirtieron que en el interior de la casa una persona joven, de unos 35 a\u00f1os, pretend\u00eda quitarse la vida y decidieron alertar al cuerpo de Bomberos Voluntarios para asistir a la v\u00edctima. Los Bomberos, [&hellip;]<\/p>\n","protected":false},"author":4,"featured_media":41631,"comment_status":"open","ping_status":"closed","sticky":false,"template":"","format":"standard","meta":{"om_disable_all_campaigns":false,"_jetpack_memberships_contains_paid_content":false,"footnotes":""},"categories":[2,103],"tags":[],"class_list":["post-41630","post","type-post","status-publish","format-standard","has-post-thumbnail","hentry","category-locales","category-policiales-locales"],"aioseo_notices":[],"gutentor_comment":0,"jetpack_featured_media_url":"https:\/\/eldiariodesanpedro.com.ar\/sitio\/wp-content\/uploads\/2018\/10\/WhatsApp-Image-2018-10-09-at-22.18.47.jpeg","jetpack_shortlink":"https:\/\/wp.me\/p6RhLt-aPs","jetpack_sharing_enabled":true,"_links":{"self":[{"href":"https:\/\/eldiariodesanpedro.com.ar\/sitio\/wp-json\/wp\/v2\/posts\/41630","targetHints":{"allow":["GET"]}}],"collection":[{"href":"https:\/\/eldiariodesanpedro.com.ar\/sitio\/wp-json\/wp\/v2\/posts"}],"about":[{"href":"https:\/\/eldiariodesanpedro.com.ar\/sitio\/wp-json\/wp\/v2\/types\/post"}],"author":[{"embeddable":true,"href":"https:\/\/eldiariodesanpedro.com.ar\/sitio\/wp-json\/wp\/v2\/users\/4"}],"replies":[{"embeddable":true,"href":"https:\/\/eldiariodesanpedro.com.ar\/sitio\/wp-json\/wp\/v2\/comments?post=41630"}],"version-history":[{"count":1,"href":"https:\/\/eldiariodesanpedro.com.ar\/sitio\/wp-json\/wp\/v2\/posts\/41630\/revisions"}],"predecessor-version":[{"id":41633,"href":"https:\/\/eldiariodesanpedro.com.ar\/sitio\/wp-json\/wp\/v2\/posts\/41630\/revisions\/41633"}],"wp:featuredmedia":[{"embeddable":true,"href":"https:\/\/eldiariodesanpedro.com.ar\/sitio\/wp-json\/wp\/v2\/media\/41631"}],"wp:attachment":[{"href":"https:\/\/eldiariodesanpedro.com.ar\/sitio\/wp-json\/wp\/v2\/media?parent=41630"}],"wp:term":[{"taxonomy":"category","embeddable":true,"href":"https:\/\/eldiariodesanpedro.com.ar\/sitio\/wp-json\/wp\/v2\/categories?post=41630"},{"taxonomy":"post_tag","embeddable":true,"href":"https:\/\/eldiariodesanpedro.com.ar\/sitio\/wp-json\/wp\/v2\/tags?post=41630"}],"curies":[{"name":"wp","href":"https:\/\/api.w.org\/{rel}","templated":true}]}}