{"id":41625,"date":"2018-10-10T13:01:31","date_gmt":"2018-10-10T16:01:31","guid":{"rendered":"https:\/\/eldiariodesanpedro.com.ar\/sitio\/?p=41625"},"modified":"2018-10-10T13:01:31","modified_gmt":"2018-10-10T16:01:31","slug":"un-camion-arrastro-con-una-linga-a-una-motocicleta-por-varios-metros","status":"publish","type":"post","link":"https:\/\/eldiariodesanpedro.com.ar\/sitio\/un-camion-arrastro-con-una-linga-a-una-motocicleta-por-varios-metros\/","title":{"rendered":"Un cami\u00f3n arrastr\u00f3 con una linga a una motocicleta por varios metros"},"content":{"rendered":"<p><!-- VideographyWP Plugin Message: Automatic video embedding prevented by plugin options. --><br \/>\nEste martes alrededor de las 20 hs se hicieron presentes efectivos en calle Mitre al 3000 a pocos metros antes de llegar a las v\u00edas del tren donde ocurri\u00f3 un extra\u00f1o accidente de tr\u00e1nsito<\/p>\n<p>Donde por razone s que se trata de establecer  una motocicleta ZANELLA ZE 200, guiada por masculino de 28 a\u00f1os acompa\u00f1ado por hermana de 19 circulaban por calle Mitre sentido c\u00e9ntrico de ciudad, siendo colisiona contra un cami\u00f3n IVECO de la empresa de Transporte Balton de la localidad de General Rodriguez, conducido por un ciudadano de 37 a\u00f1os quien tambi\u00e9n venia ingresando a la ciudad. Aparentemente por lo comentado por los testigos al semirremolque se le desprende una linga enganchando de un pedalin y arrastrando los ocupantes del rodado de menor porte durante varios metros.<\/p>\n<p>Como consecuencias ambos ocupantes de rodado menor trasladados a Hospital en ambulancia, dictaminando lesiones car\u00e1cter leves en el conductor excoriaci\u00f3n y trauma en ambos miembros inferiores, y respecto a su acompa\u00f1ante hematoma ambos hombros, Chofer del cami\u00f3n ileso.<\/p>\n<p class=\"jetpack-slideshow-noscript robots-nocontent\">El pase de diapositivas requiere JavaScript.<\/p><div id=\"gallery-41625-1-slideshow\" class=\"jetpack-slideshow-window jetpack-slideshow jetpack-slideshow-black\" data-trans=\"fade\" data-autostart=\"1\" data-gallery=\"[{&quot;src&quot;:&quot;https:\\\/\\\/eldiariodesanpedro.com.ar\\\/sitio\\\/wp-content\\\/uploads\\\/2018\\\/10\\\/20181009_200412-1024x498.jpg&quot;,&quot;id&quot;:&quot;41623&quot;,&quot;title&quot;:&quot;20181009_200412&quot;,&quot;alt&quot;:&quot;&quot;,&quot;caption&quot;:&quot;&quot;,&quot;itemprop&quot;:&quot;image&quot;},{&quot;src&quot;:&quot;https:\\\/\\\/eldiariodesanpedro.com.ar\\\/sitio\\\/wp-content\\\/uploads\\\/2018\\\/10\\\/20181009_200448-1024x498.jpg&quot;,&quot;id&quot;:&quot;41622&quot;,&quot;title&quot;:&quot;20181009_200448&quot;,&quot;alt&quot;:&quot;&quot;,&quot;caption&quot;:&quot;&quot;,&quot;itemprop&quot;:&quot;image&quot;},{&quot;src&quot;:&quot;https:\\\/\\\/eldiariodesanpedro.com.ar\\\/sitio\\\/wp-content\\\/uploads\\\/2018\\\/10\\\/20181009_200359-1024x498.jpg&quot;,&quot;id&quot;:&quot;41620&quot;,&quot;title&quot;:&quot;20181009_200359&quot;,&quot;alt&quot;:&quot;&quot;,&quot;caption&quot;:&quot;&quot;,&quot;itemprop&quot;:&quot;image&quot;},{&quot;src&quot;:&quot;https:\\\/\\\/eldiariodesanpedro.com.ar\\\/sitio\\\/wp-content\\\/uploads\\\/2018\\\/10\\\/20181009_200410-1024x498.jpg&quot;,&quot;id&quot;:&quot;41618&quot;,&quot;title&quot;:&quot;20181009_200410&quot;,&quot;alt&quot;:&quot;&quot;,&quot;caption&quot;:&quot;&quot;,&quot;itemprop&quot;:&quot;image&quot;},{&quot;src&quot;:&quot;https:\\\/\\\/eldiariodesanpedro.com.ar\\\/sitio\\\/wp-content\\\/uploads\\\/2018\\\/10\\\/20181009_200602-1024x498.jpg&quot;,&quot;id&quot;:&quot;41617&quot;,&quot;title&quot;:&quot;20181009_200602&quot;,&quot;alt&quot;:&quot;&quot;,&quot;caption&quot;:&quot;&quot;,&quot;itemprop&quot;:&quot;image&quot;},{&quot;src&quot;:&quot;https:\\\/\\\/eldiariodesanpedro.com.ar\\\/sitio\\\/wp-content\\\/uploads\\\/2018\\\/10\\\/20181009_200512-1024x498.jpg&quot;,&quot;id&quot;:&quot;41616&quot;,&quot;title&quot;:&quot;20181009_200512&quot;,&quot;alt&quot;:&quot;&quot;,&quot;caption&quot;:&quot;&quot;,&quot;itemprop&quot;:&quot;image&quot;},{&quot;src&quot;:&quot;https:\\\/\\\/eldiariodesanpedro.com.ar\\\/sitio\\\/wp-content\\\/uploads\\\/2018\\\/10\\\/20181009_200524-1024x498.jpg&quot;,&quot;id&quot;:&quot;41615&quot;,&quot;title&quot;:&quot;20181009_200524&quot;,&quot;alt&quot;:&quot;&quot;,&quot;caption&quot;:&quot;&quot;,&quot;itemprop&quot;:&quot;image&quot;},{&quot;src&quot;:&quot;https:\\\/\\\/eldiariodesanpedro.com.ar\\\/sitio\\\/wp-content\\\/uploads\\\/2018\\\/10\\\/20181009_200622-1024x498.jpg&quot;,&quot;id&quot;:&quot;41605&quot;,&quot;title&quot;:&quot;20181009_200622&quot;,&quot;alt&quot;:&quot;&quot;,&quot;caption&quot;:&quot;&quot;,&quot;itemprop&quot;:&quot;image&quot;}]\" itemscope itemtype=\"https:\/\/schema.org\/ImageGallery\"><\/div>\n<p><iframe data-src=\"https:\/\/www.facebook.com\/plugins\/video.php?href=https%3A%2F%2Fwww.facebook.com%2Feldiario.desanpedro%2Fvideos%2F299416013987567%2F&#038;show_text=0&#038;width=560\" width=\"560\" height=\"315\" style=\"border:none;overflow:hidden\" scrolling=\"no\" frameborder=\"0\" allowTransparency=\"true\" allowFullScreen=\"true\" src=\"data:image\/svg+xml;base64,PHN2ZyB3aWR0aD0iMSIgaGVpZ2h0PSIxIiB4bWxucz0iaHR0cDovL3d3dy53My5vcmcvMjAwMC9zdmciPjwvc3ZnPg==\" class=\"lazyload\" data-load-mode=\"1\"><\/iframe><\/p>\n","protected":false},"excerpt":{"rendered":"<p>Este martes alrededor de las 20 hs se hicieron presentes efectivos en calle Mitre al 3000 a pocos metros antes de llegar a las v\u00edas del tren donde ocurri\u00f3 un extra\u00f1o accidente de tr\u00e1nsito Donde por razone s que se trata de establecer una motocicleta ZANELLA ZE 200, guiada por masculino de 28 a\u00f1os acompa\u00f1ado [&hellip;]<\/p>\n","protected":false},"author":4,"featured_media":41620,"comment_status":"open","ping_status":"closed","sticky":false,"template":"","format":"standard","meta":{"om_disable_all_campaigns":false,"_jetpack_memberships_contains_paid_content":false,"footnotes":""},"categories":[50,2,103],"tags":[],"class_list":["post-41625","post","type-post","status-publish","format-standard","has-post-thumbnail","hentry","category-destacadas","category-locales","category-policiales-locales"],"aioseo_notices":[],"gutentor_comment":0,"jetpack_featured_media_url":"https:\/\/eldiariodesanpedro.com.ar\/sitio\/wp-content\/uploads\/2018\/10\/20181009_200359-e1539186946657.jpg","jetpack_shortlink":"https:\/\/wp.me\/p6RhLt-aPn","jetpack_sharing_enabled":true,"_links":{"self":[{"href":"https:\/\/eldiariodesanpedro.com.ar\/sitio\/wp-json\/wp\/v2\/posts\/41625","targetHints":{"allow":["GET"]}}],"collection":[{"href":"https:\/\/eldiariodesanpedro.com.ar\/sitio\/wp-json\/wp\/v2\/posts"}],"about":[{"href":"https:\/\/eldiariodesanpedro.com.ar\/sitio\/wp-json\/wp\/v2\/types\/post"}],"author":[{"embeddable":true,"href":"https:\/\/eldiariodesanpedro.com.ar\/sitio\/wp-json\/wp\/v2\/users\/4"}],"replies":[{"embeddable":true,"href":"https:\/\/eldiariodesanpedro.com.ar\/sitio\/wp-json\/wp\/v2\/comments?post=41625"}],"version-history":[{"count":1,"href":"https:\/\/eldiariodesanpedro.com.ar\/sitio\/wp-json\/wp\/v2\/posts\/41625\/revisions"}],"predecessor-version":[{"id":41626,"href":"https:\/\/eldiariodesanpedro.com.ar\/sitio\/wp-json\/wp\/v2\/posts\/41625\/revisions\/41626"}],"wp:featuredmedia":[{"embeddable":true,"href":"https:\/\/eldiariodesanpedro.com.ar\/sitio\/wp-json\/wp\/v2\/media\/41620"}],"wp:attachment":[{"href":"https:\/\/eldiariodesanpedro.com.ar\/sitio\/wp-json\/wp\/v2\/media?parent=41625"}],"wp:term":[{"taxonomy":"category","embeddable":true,"href":"https:\/\/eldiariodesanpedro.com.ar\/sitio\/wp-json\/wp\/v2\/categories?post=41625"},{"taxonomy":"post_tag","embeddable":true,"href":"https:\/\/eldiariodesanpedro.com.ar\/sitio\/wp-json\/wp\/v2\/tags?post=41625"}],"curies":[{"name":"wp","href":"https:\/\/api.w.org\/{rel}","templated":true}]}}