{"id":41603,"date":"2018-10-10T12:41:02","date_gmt":"2018-10-10T15:41:02","guid":{"rendered":"https:\/\/eldiariodesanpedro.com.ar\/sitio\/?p=41603"},"modified":"2018-10-10T12:41:02","modified_gmt":"2018-10-10T15:41:02","slug":"aciidente-entre-un-automovil-y-una-motocicleta","status":"publish","type":"post","link":"https:\/\/eldiariodesanpedro.com.ar\/sitio\/aciidente-entre-un-automovil-y-una-motocicleta\/","title":{"rendered":"Aciidente entre un automovil  y una motocicleta"},"content":{"rendered":"<p><!-- VideographyWP Plugin Message: Automatic video embedding prevented by plugin options. --><br \/>\nUn nuevo accidente se registro en la tarde del martes, como habitualmente se ven involucrados una motocicleta y un autom\u00f3vil.<\/p>\n<p>Este martes alrededor de las 17 hs la polic\u00eda y el SAME se hicieron presentes en calle Bottaro y Liniers a trav\u00e9s de un llamado emergencias 911.<\/p>\n<p>Constituido personal policial corrobora veracidad del hecho, en la cual por razones tr\u00e1tese de establecer motocicleta Mondial Dax 70, guiada por un joven de 18, acompa\u00f1ada de una joven de 16, colisiona zona trasera de camioneta Peugeot Partner circulante arteria Bottaro, conducida por una ciudadana de 58. <\/p>\n<p>Como consecuencias trasladado a Hospital de j\u00f3venes en ambulancia a cargo del Dr. Dami\u00e1n S\u00e1nchez, dictamin\u00e1ndose lesiones leves conductora rodado menor con un traumatismo moderado en cara; traumatismo moderado en rodilla, en cuanto a acompa\u00f1ante y conductora rodado mayor resultan ilesos. <\/p>\n<p>Intervenci\u00f3n UFI en turno y Juzgado de Faltas respecto motocicleta por carecer documentaci\u00f3n.<\/p>\n","protected":false},"excerpt":{"rendered":"<p>Un nuevo accidente se registro en la tarde del martes, como habitualmente se ven involucrados una motocicleta y un autom\u00f3vil. Este martes alrededor de las 17 hs la polic\u00eda y el SAME se hicieron presentes en calle Bottaro y Liniers a trav\u00e9s de un llamado emergencias 911. Constituido personal policial corrobora veracidad del hecho, en [&hellip;]<\/p>\n","protected":false},"author":4,"featured_media":41606,"comment_status":"open","ping_status":"closed","sticky":false,"template":"","format":"standard","meta":{"om_disable_all_campaigns":false,"_jetpack_memberships_contains_paid_content":false,"footnotes":""},"categories":[2,103],"tags":[],"class_list":["post-41603","post","type-post","status-publish","format-standard","has-post-thumbnail","hentry","category-locales","category-policiales-locales"],"aioseo_notices":[],"gutentor_comment":0,"jetpack_featured_media_url":"https:\/\/eldiariodesanpedro.com.ar\/sitio\/wp-content\/uploads\/2018\/10\/20181009_172208-e1539185984963.jpg","jetpack_shortlink":"https:\/\/wp.me\/p6RhLt-aP1","jetpack_sharing_enabled":true,"_links":{"self":[{"href":"https:\/\/eldiariodesanpedro.com.ar\/sitio\/wp-json\/wp\/v2\/posts\/41603","targetHints":{"allow":["GET"]}}],"collection":[{"href":"https:\/\/eldiariodesanpedro.com.ar\/sitio\/wp-json\/wp\/v2\/posts"}],"about":[{"href":"https:\/\/eldiariodesanpedro.com.ar\/sitio\/wp-json\/wp\/v2\/types\/post"}],"author":[{"embeddable":true,"href":"https:\/\/eldiariodesanpedro.com.ar\/sitio\/wp-json\/wp\/v2\/users\/4"}],"replies":[{"embeddable":true,"href":"https:\/\/eldiariodesanpedro.com.ar\/sitio\/wp-json\/wp\/v2\/comments?post=41603"}],"version-history":[{"count":1,"href":"https:\/\/eldiariodesanpedro.com.ar\/sitio\/wp-json\/wp\/v2\/posts\/41603\/revisions"}],"predecessor-version":[{"id":41624,"href":"https:\/\/eldiariodesanpedro.com.ar\/sitio\/wp-json\/wp\/v2\/posts\/41603\/revisions\/41624"}],"wp:featuredmedia":[{"embeddable":true,"href":"https:\/\/eldiariodesanpedro.com.ar\/sitio\/wp-json\/wp\/v2\/media\/41606"}],"wp:attachment":[{"href":"https:\/\/eldiariodesanpedro.com.ar\/sitio\/wp-json\/wp\/v2\/media?parent=41603"}],"wp:term":[{"taxonomy":"category","embeddable":true,"href":"https:\/\/eldiariodesanpedro.com.ar\/sitio\/wp-json\/wp\/v2\/categories?post=41603"},{"taxonomy":"post_tag","embeddable":true,"href":"https:\/\/eldiariodesanpedro.com.ar\/sitio\/wp-json\/wp\/v2\/tags?post=41603"}],"curies":[{"name":"wp","href":"https:\/\/api.w.org\/{rel}","templated":true}]}}