{"id":41589,"date":"2018-10-09T20:51:47","date_gmt":"2018-10-09T23:51:47","guid":{"rendered":"https:\/\/eldiariodesanpedro.com.ar\/sitio\/?p=41589"},"modified":"2026-01-24T00:09:20","modified_gmt":"2026-01-24T03:09:20","slug":"pesca-gano-gabriel-cejas","status":"publish","type":"post","link":"https:\/\/eldiariodesanpedro.com.ar\/sitio\/pesca-gano-gabriel-cejas\/","title":{"rendered":"PESCA: Gan\u00f3 Gabriel Cejas"},"content":{"rendered":"<p><!-- VideographyWP Plugin Message: Automatic video embedding prevented by plugin options. --><br \/>\n  El actual puntero del ranking local se impuso nuevamente este domingo en el concurso de pesca variada de r\u00edo con devoluci\u00f3n que se llev\u00f3 a cabo en el riacho, sector del ex Balneario Municipal ante una muy buena cantidad de pescadores. Detr\u00e1s de Cejas se ubic\u00f3 segundo Federico Barros y Tercero en la general Fernando Biglia. <\/p>\n<p><strong>Clasificaci\u00f3n final<\/strong><br \/>\n<em>Infantil Masculino<\/em><br \/>\n1\u00b0 Milo Cordara 17 puntos<br \/>\n2\u00b0 M\u00e1ximo Franchini 13<br \/>\n3\u00b0 Nicol\u00e1s Gonz\u00e1lez 12<\/p>\n<p><em>Infantil Femenino<\/em><br \/>\n1\u00b0 Julia Arnaldi<\/p>\n<p><em>Maestro<\/em><br \/>\n1\u00b0 Ra\u00fal V\u00e1ldez 78 puntos (55 piezas)<br \/>\n2\u00b0 Hugo Barros 41 puntos (20 piezas)<br \/>\n3\u00b0 Luis Montes 14 puntos (6 piezas)<\/p>\n<p><em>Mayores<\/em><br \/>\n1\u00b0 Gabriel Cejas 109 puntos (67 piezas)<br \/>\n2\u00b0 Federico Barros 72 puntos (44 piezas)<br \/>\n3\u00b0 Fernando Biglia 50 puntos (35 piezas)<\/p>\n<p><em>General<\/em><br \/>\n1\u00b0 Gabriel Cejas 109 puntos<br \/>\n2\u00b0 Ra\u00fal Valdez 78 puntos<br \/>\n3\u00b0 Federico Barros 72 puntos<\/p>\n<p><em>Pieza mayor<\/em><br \/>\nMarcelo Cordara (pieza de 7 puntos)<\/p>\n","protected":false},"excerpt":{"rendered":"<p>El actual puntero del ranking local se impuso nuevamente este domingo en el concurso de pesca variada de r\u00edo con devoluci\u00f3n que se llev\u00f3 a cabo en el riacho, sector del ex Balneario Municipal ante una muy buena cantidad de pescadores. Detr\u00e1s de Cejas se ubic\u00f3 segundo Federico Barros y Tercero en la general Fernando [&hellip;]<\/p>\n","protected":false},"author":4,"featured_media":41591,"comment_status":"open","ping_status":"closed","sticky":false,"template":"","format":"standard","meta":{"om_disable_all_campaigns":false,"_jetpack_memberships_contains_paid_content":false,"footnotes":""},"categories":[5],"tags":[],"class_list":["post-41589","post","type-post","status-publish","format-standard","has-post-thumbnail","hentry","category-deportes"],"aioseo_notices":[],"gutentor_comment":0,"jetpack_featured_media_url":"https:\/\/eldiariodesanpedro.com.ar\/sitio\/wp-content\/uploads\/2018\/10\/Podio-de-la-general-Valdez-Cejas-y-Barros.jpg","jetpack_shortlink":"https:\/\/wp.me\/p6RhLt-aON","jetpack_sharing_enabled":true,"_links":{"self":[{"href":"https:\/\/eldiariodesanpedro.com.ar\/sitio\/wp-json\/wp\/v2\/posts\/41589","targetHints":{"allow":["GET"]}}],"collection":[{"href":"https:\/\/eldiariodesanpedro.com.ar\/sitio\/wp-json\/wp\/v2\/posts"}],"about":[{"href":"https:\/\/eldiariodesanpedro.com.ar\/sitio\/wp-json\/wp\/v2\/types\/post"}],"author":[{"embeddable":true,"href":"https:\/\/eldiariodesanpedro.com.ar\/sitio\/wp-json\/wp\/v2\/users\/4"}],"replies":[{"embeddable":true,"href":"https:\/\/eldiariodesanpedro.com.ar\/sitio\/wp-json\/wp\/v2\/comments?post=41589"}],"version-history":[{"count":1,"href":"https:\/\/eldiariodesanpedro.com.ar\/sitio\/wp-json\/wp\/v2\/posts\/41589\/revisions"}],"predecessor-version":[{"id":41593,"href":"https:\/\/eldiariodesanpedro.com.ar\/sitio\/wp-json\/wp\/v2\/posts\/41589\/revisions\/41593"}],"wp:featuredmedia":[{"embeddable":true,"href":"https:\/\/eldiariodesanpedro.com.ar\/sitio\/wp-json\/wp\/v2\/media\/41591"}],"wp:attachment":[{"href":"https:\/\/eldiariodesanpedro.com.ar\/sitio\/wp-json\/wp\/v2\/media?parent=41589"}],"wp:term":[{"taxonomy":"category","embeddable":true,"href":"https:\/\/eldiariodesanpedro.com.ar\/sitio\/wp-json\/wp\/v2\/categories?post=41589"},{"taxonomy":"post_tag","embeddable":true,"href":"https:\/\/eldiariodesanpedro.com.ar\/sitio\/wp-json\/wp\/v2\/tags?post=41589"}],"curies":[{"name":"wp","href":"https:\/\/api.w.org\/{rel}","templated":true}]}}