{"id":41587,"date":"2018-10-09T20:51:45","date_gmt":"2018-10-09T23:51:45","guid":{"rendered":"https:\/\/eldiariodesanpedro.com.ar\/sitio\/?p=41587"},"modified":"2026-01-24T00:09:20","modified_gmt":"2026-01-24T03:09:20","slug":"ciclismo-cuatro-sampedrinos-se-destacaron-en-la-juvenil-vuelta-del-centro","status":"publish","type":"post","link":"https:\/\/eldiariodesanpedro.com.ar\/sitio\/ciclismo-cuatro-sampedrinos-se-destacaron-en-la-juvenil-vuelta-del-centro\/","title":{"rendered":"CICLISMO: Cuatro sampedrinos se destacaron en la juvenil Vuelta del Centro"},"content":{"rendered":"<p><!-- VideographyWP Plugin Message: Automatic video embedding prevented by plugin options. --><br \/>\n  Culmin\u00f3 con la disputa de la segunda etapa, Gral. Alvear-Saladillo, la 2da. Edici\u00f3n de \u201cVuelta del Centro\u201d con varios sampedrinos en la categor\u00eda juvenil. Juan Paz gan\u00f3 la 1ra etapa.<br \/>\n  Destacamos que en la clasificaci\u00f3n final, Francisco Chipolini fue tercero (tiempo 02 horas: 19 minutos: 48 segundos), Estanislao Genoud (02:19:53) logr\u00f3 la cuarta colocaci\u00f3n, Juan Paz (02:19:54) quinto y Lautaro Chipolini (02:23:29) vig\u00e9simo primero.<br \/>\n  El ganador de la competencia fue Emmanuel Tolosa (Saladillo) con un tiempo de 2 horas, 19 minutos, 24 segundos. Segundo se ubic\u00f3 Federico G\u00f3mez (Dolores) 02:19:44.<\/p>\n","protected":false},"excerpt":{"rendered":"<p>Culmin\u00f3 con la disputa de la segunda etapa, Gral. Alvear-Saladillo, la 2da. Edici\u00f3n de \u201cVuelta del Centro\u201d con varios sampedrinos en la categor\u00eda juvenil. Juan Paz gan\u00f3 la 1ra etapa. Destacamos que en la clasificaci\u00f3n final, Francisco Chipolini fue tercero (tiempo 02 horas: 19 minutos: 48 segundos), Estanislao Genoud (02:19:53) logr\u00f3 la cuarta colocaci\u00f3n, Juan [&hellip;]<\/p>\n","protected":false},"author":4,"featured_media":41590,"comment_status":"open","ping_status":"closed","sticky":false,"template":"","format":"standard","meta":{"om_disable_all_campaigns":false,"_jetpack_memberships_contains_paid_content":false,"footnotes":""},"categories":[5],"tags":[],"class_list":["post-41587","post","type-post","status-publish","format-standard","has-post-thumbnail","hentry","category-deportes"],"aioseo_notices":[],"gutentor_comment":0,"jetpack_featured_media_url":"https:\/\/eldiariodesanpedro.com.ar\/sitio\/wp-content\/uploads\/2018\/10\/Podio-de-la-cat.-juvenil-con-Chipolini-Genoud-y-Paz.jpg","jetpack_shortlink":"https:\/\/wp.me\/p6RhLt-aOL","jetpack_sharing_enabled":true,"_links":{"self":[{"href":"https:\/\/eldiariodesanpedro.com.ar\/sitio\/wp-json\/wp\/v2\/posts\/41587","targetHints":{"allow":["GET"]}}],"collection":[{"href":"https:\/\/eldiariodesanpedro.com.ar\/sitio\/wp-json\/wp\/v2\/posts"}],"about":[{"href":"https:\/\/eldiariodesanpedro.com.ar\/sitio\/wp-json\/wp\/v2\/types\/post"}],"author":[{"embeddable":true,"href":"https:\/\/eldiariodesanpedro.com.ar\/sitio\/wp-json\/wp\/v2\/users\/4"}],"replies":[{"embeddable":true,"href":"https:\/\/eldiariodesanpedro.com.ar\/sitio\/wp-json\/wp\/v2\/comments?post=41587"}],"version-history":[{"count":1,"href":"https:\/\/eldiariodesanpedro.com.ar\/sitio\/wp-json\/wp\/v2\/posts\/41587\/revisions"}],"predecessor-version":[{"id":41592,"href":"https:\/\/eldiariodesanpedro.com.ar\/sitio\/wp-json\/wp\/v2\/posts\/41587\/revisions\/41592"}],"wp:featuredmedia":[{"embeddable":true,"href":"https:\/\/eldiariodesanpedro.com.ar\/sitio\/wp-json\/wp\/v2\/media\/41590"}],"wp:attachment":[{"href":"https:\/\/eldiariodesanpedro.com.ar\/sitio\/wp-json\/wp\/v2\/media?parent=41587"}],"wp:term":[{"taxonomy":"category","embeddable":true,"href":"https:\/\/eldiariodesanpedro.com.ar\/sitio\/wp-json\/wp\/v2\/categories?post=41587"},{"taxonomy":"post_tag","embeddable":true,"href":"https:\/\/eldiariodesanpedro.com.ar\/sitio\/wp-json\/wp\/v2\/tags?post=41587"}],"curies":[{"name":"wp","href":"https:\/\/api.w.org\/{rel}","templated":true}]}}