{"id":41578,"date":"2018-10-09T20:45:27","date_gmt":"2018-10-09T23:45:27","guid":{"rendered":"https:\/\/eldiariodesanpedro.com.ar\/sitio\/?p=41578"},"modified":"2018-10-09T20:45:27","modified_gmt":"2018-10-09T23:45:27","slug":"baradero-recibimos-entre-5-a-16-denuncias-diarias-por-distintos-casos-de-violencia","status":"publish","type":"post","link":"https:\/\/eldiariodesanpedro.com.ar\/sitio\/baradero-recibimos-entre-5-a-16-denuncias-diarias-por-distintos-casos-de-violencia\/","title":{"rendered":"BARADERO: \u201cRecibimos entre 5 a 16 denuncias diarias por distintos casos de violencia\u201d"},"content":{"rendered":"<p><!-- VideographyWP Plugin Message: Automatic video embedding prevented by plugin options. --><br \/>\nLo dijo esta ma\u00f1ana en Tu Radio la subcomisario Valeria Sosa. La jefa de la Comisar\u00eda de la Mujer y la familia se\u00f1al\u00f3 que \u201csus estad\u00edsticas marcan un incremento y asegura que esto tambi\u00e9n se debe al trabajo que se est\u00e1 realizando\u201d. El mismo va de la mano con que las v\u00edctimas se atreven a radicar las denuncias que terminan en distintos tipos de medidas judiciales.<\/p>\n<p>  Entre los casos que se reciben se encuentran hechos de violencia f\u00edsica, verbal, caso de acoso y abuso. Adem\u00e1s de maltrato psicol\u00f3gico.<br \/>\n  Cada tema es abordado con un equipo interdisciplinario que brinda asistencia y contenci\u00f3n a las v\u00edctimas. Adem\u00e1s de las fiscal\u00edas que inician las causas, Juzgados y Servicio local.<br \/>\n  Las cifras crecen constantemente: \u201cRecibimos entre 5 a 16 denuncias diarias por distintos casos de violencia\u201d, dijo la funcionaria en el magazine \u201cContacto Directo\u201d.<\/p>\n","protected":false},"excerpt":{"rendered":"<p>Lo dijo esta ma\u00f1ana en Tu Radio la subcomisario Valeria Sosa. La jefa de la Comisar\u00eda de la Mujer y la familia se\u00f1al\u00f3 que \u201csus estad\u00edsticas marcan un incremento y asegura que esto tambi\u00e9n se debe al trabajo que se est\u00e1 realizando\u201d. El mismo va de la mano con que las v\u00edctimas se atreven a [&hellip;]<\/p>\n","protected":false},"author":4,"featured_media":41580,"comment_status":"open","ping_status":"closed","sticky":false,"template":"","format":"standard","meta":{"om_disable_all_campaigns":false,"_jetpack_memberships_contains_paid_content":false,"footnotes":""},"categories":[621],"tags":[],"class_list":["post-41578","post","type-post","status-publish","format-standard","has-post-thumbnail","hentry","category-regionales"],"aioseo_notices":[],"gutentor_comment":0,"jetpack_featured_media_url":"https:\/\/eldiariodesanpedro.com.ar\/sitio\/wp-content\/uploads\/2018\/10\/subcomisario-Valeria-Sosa.jpg","jetpack_shortlink":"https:\/\/wp.me\/p6RhLt-aOC","jetpack_sharing_enabled":true,"_links":{"self":[{"href":"https:\/\/eldiariodesanpedro.com.ar\/sitio\/wp-json\/wp\/v2\/posts\/41578","targetHints":{"allow":["GET"]}}],"collection":[{"href":"https:\/\/eldiariodesanpedro.com.ar\/sitio\/wp-json\/wp\/v2\/posts"}],"about":[{"href":"https:\/\/eldiariodesanpedro.com.ar\/sitio\/wp-json\/wp\/v2\/types\/post"}],"author":[{"embeddable":true,"href":"https:\/\/eldiariodesanpedro.com.ar\/sitio\/wp-json\/wp\/v2\/users\/4"}],"replies":[{"embeddable":true,"href":"https:\/\/eldiariodesanpedro.com.ar\/sitio\/wp-json\/wp\/v2\/comments?post=41578"}],"version-history":[{"count":1,"href":"https:\/\/eldiariodesanpedro.com.ar\/sitio\/wp-json\/wp\/v2\/posts\/41578\/revisions"}],"predecessor-version":[{"id":41582,"href":"https:\/\/eldiariodesanpedro.com.ar\/sitio\/wp-json\/wp\/v2\/posts\/41578\/revisions\/41582"}],"wp:featuredmedia":[{"embeddable":true,"href":"https:\/\/eldiariodesanpedro.com.ar\/sitio\/wp-json\/wp\/v2\/media\/41580"}],"wp:attachment":[{"href":"https:\/\/eldiariodesanpedro.com.ar\/sitio\/wp-json\/wp\/v2\/media?parent=41578"}],"wp:term":[{"taxonomy":"category","embeddable":true,"href":"https:\/\/eldiariodesanpedro.com.ar\/sitio\/wp-json\/wp\/v2\/categories?post=41578"},{"taxonomy":"post_tag","embeddable":true,"href":"https:\/\/eldiariodesanpedro.com.ar\/sitio\/wp-json\/wp\/v2\/tags?post=41578"}],"curies":[{"name":"wp","href":"https:\/\/api.w.org\/{rel}","templated":true}]}}