{"id":41575,"date":"2018-10-09T20:42:39","date_gmt":"2018-10-09T23:42:39","guid":{"rendered":"https:\/\/eldiariodesanpedro.com.ar\/sitio\/?p=41575"},"modified":"2018-10-09T20:42:39","modified_gmt":"2018-10-09T23:42:39","slug":"campana-el-municipio-de-campana-y-el-sindicato-acordaron-la-incorporacion-de-90-empleados-a-planta-permanente","status":"publish","type":"post","link":"https:\/\/eldiariodesanpedro.com.ar\/sitio\/campana-el-municipio-de-campana-y-el-sindicato-acordaron-la-incorporacion-de-90-empleados-a-planta-permanente\/","title":{"rendered":"CAMPANA: El Municipio de Campana y el Sindicato acordaron la incorporaci\u00f3n de 90 empleados a planta permanente"},"content":{"rendered":"<p><!-- VideographyWP Plugin Message: Automatic video embedding prevented by plugin options. --><br \/>\nEl Municipio de Campana acord\u00f3 la incorporaci\u00f3n a planta permanente de 90 empleados ingresados en 2015, luego de negociaciones con el sindicato municipal.<\/p>\n<p>  De esta manera, el intendente Sebasti\u00e1n Abella dio respuesta al pedido del Sindicato en base a lo que establece el convenio colectivo vigente.<br \/>\n  Los trabajadores que pasan a planta, m\u00e1s all\u00e1 de estabilidad, lograr acceder a beneficios como el cobro del 3% de antig\u00fcedad por a\u00f1o de trabajo.<br \/>\n  Seg\u00fan informaron, esta modificaci\u00f3n de la situaci\u00f3n laboral representa para el Municipio $250.000 mensual.<br \/>\n  Se sumaron 10 (diez) empleados a la planta permanente de la Secretar\u00eda de Desarrollo Social y H\u00e1bitat; 18 (dieciocho) a la Secretar\u00eda de Descentralizaci\u00f3n; 29 (veintinueve) a la Secretar\u00eda de Prevenci\u00f3n Ciudadana; 24 (veinticuatro) a la Secretar\u00eda de Salud.<br \/>\n  Asimismo, otros 9 (nueve) se distribuyeron entre las secretar\u00edas de Econom\u00eda y Hacienda; Gabinete; Modernizaci\u00f3n; Planeamiento y Obras P\u00fablicas; T\u00e9cnica, Administrativa y Legal y Producci\u00f3n, Turismo y Empleo.<\/p>\n<p>Fuente: Impacto Local<\/p>\n","protected":false},"excerpt":{"rendered":"<p>El Municipio de Campana acord\u00f3 la incorporaci\u00f3n a planta permanente de 90 empleados ingresados en 2015, luego de negociaciones con el sindicato municipal. De esta manera, el intendente Sebasti\u00e1n Abella dio respuesta al pedido del Sindicato en base a lo que establece el convenio colectivo vigente. Los trabajadores que pasan a planta, m\u00e1s all\u00e1 de [&hellip;]<\/p>\n","protected":false},"author":4,"featured_media":41577,"comment_status":"open","ping_status":"closed","sticky":false,"template":"","format":"standard","meta":{"om_disable_all_campaigns":false,"_jetpack_memberships_contains_paid_content":false,"footnotes":""},"categories":[621],"tags":[],"class_list":["post-41575","post","type-post","status-publish","format-standard","has-post-thumbnail","hentry","category-regionales"],"aioseo_notices":[],"gutentor_comment":0,"jetpack_featured_media_url":"https:\/\/eldiariodesanpedro.com.ar\/sitio\/wp-content\/uploads\/2018\/10\/El-Municipio-de-Campana-y-el-Sindicato-acordaron-la-incorporaci\u00f3n-de-90-empleados-a-planta-permanente.jpeg","jetpack_shortlink":"https:\/\/wp.me\/p6RhLt-aOz","jetpack_sharing_enabled":true,"_links":{"self":[{"href":"https:\/\/eldiariodesanpedro.com.ar\/sitio\/wp-json\/wp\/v2\/posts\/41575","targetHints":{"allow":["GET"]}}],"collection":[{"href":"https:\/\/eldiariodesanpedro.com.ar\/sitio\/wp-json\/wp\/v2\/posts"}],"about":[{"href":"https:\/\/eldiariodesanpedro.com.ar\/sitio\/wp-json\/wp\/v2\/types\/post"}],"author":[{"embeddable":true,"href":"https:\/\/eldiariodesanpedro.com.ar\/sitio\/wp-json\/wp\/v2\/users\/4"}],"replies":[{"embeddable":true,"href":"https:\/\/eldiariodesanpedro.com.ar\/sitio\/wp-json\/wp\/v2\/comments?post=41575"}],"version-history":[{"count":1,"href":"https:\/\/eldiariodesanpedro.com.ar\/sitio\/wp-json\/wp\/v2\/posts\/41575\/revisions"}],"predecessor-version":[{"id":41579,"href":"https:\/\/eldiariodesanpedro.com.ar\/sitio\/wp-json\/wp\/v2\/posts\/41575\/revisions\/41579"}],"wp:featuredmedia":[{"embeddable":true,"href":"https:\/\/eldiariodesanpedro.com.ar\/sitio\/wp-json\/wp\/v2\/media\/41577"}],"wp:attachment":[{"href":"https:\/\/eldiariodesanpedro.com.ar\/sitio\/wp-json\/wp\/v2\/media?parent=41575"}],"wp:term":[{"taxonomy":"category","embeddable":true,"href":"https:\/\/eldiariodesanpedro.com.ar\/sitio\/wp-json\/wp\/v2\/categories?post=41575"},{"taxonomy":"post_tag","embeddable":true,"href":"https:\/\/eldiariodesanpedro.com.ar\/sitio\/wp-json\/wp\/v2\/tags?post=41575"}],"curies":[{"name":"wp","href":"https:\/\/api.w.org\/{rel}","templated":true}]}}