{"id":41573,"date":"2018-10-09T20:40:46","date_gmt":"2018-10-09T23:40:46","guid":{"rendered":"https:\/\/eldiariodesanpedro.com.ar\/sitio\/?p=41573"},"modified":"2018-10-09T20:40:46","modified_gmt":"2018-10-09T23:40:46","slug":"ramallo-cortaron-y-robaron-300-m-de-fibra-optica","status":"publish","type":"post","link":"https:\/\/eldiariodesanpedro.com.ar\/sitio\/ramallo-cortaron-y-robaron-300-m-de-fibra-optica\/","title":{"rendered":"RAMALLO: Cortaron y robaron 300 m de fibra \u00f3ptica"},"content":{"rendered":"<p><!-- VideographyWP Plugin Message: Automatic video embedding prevented by plugin options. --><br \/>\nEl servicio de Cablevisi\u00f3n &#8211; Fibertel se vio interrumpido como consecuencia del robo.<\/p>\n<p>  En di\u00e1logo con La Radio Ramallo, el Gerente Diego Serra, inform\u00f3 que cerca de Villa general Savio cortaron y se robaron aproximadamente 300 m de cable.<br \/>\n  \u00abNo va a ser un trabajo r\u00e1pido porque hay que reponer y reconectar\u00bb, explic\u00f3.<\/p>\n<p>Fuente: La Radio Ramallo<\/p>\n","protected":false},"excerpt":{"rendered":"<p>El servicio de Cablevisi\u00f3n &#8211; Fibertel se vio interrumpido como consecuencia del robo. En di\u00e1logo con La Radio Ramallo, el Gerente Diego Serra, inform\u00f3 que cerca de Villa general Savio cortaron y se robaron aproximadamente 300 m de cable. \u00abNo va a ser un trabajo r\u00e1pido porque hay que reponer y reconectar\u00bb, explic\u00f3. Fuente: La [&hellip;]<\/p>\n","protected":false},"author":4,"featured_media":0,"comment_status":"open","ping_status":"closed","sticky":false,"template":"","format":"standard","meta":{"om_disable_all_campaigns":false,"_jetpack_memberships_contains_paid_content":false,"footnotes":""},"categories":[621],"tags":[],"class_list":["post-41573","post","type-post","status-publish","format-standard","hentry","category-regionales"],"aioseo_notices":[],"gutentor_comment":0,"jetpack_featured_media_url":"","jetpack_shortlink":"https:\/\/wp.me\/p6RhLt-aOx","jetpack_sharing_enabled":true,"_links":{"self":[{"href":"https:\/\/eldiariodesanpedro.com.ar\/sitio\/wp-json\/wp\/v2\/posts\/41573","targetHints":{"allow":["GET"]}}],"collection":[{"href":"https:\/\/eldiariodesanpedro.com.ar\/sitio\/wp-json\/wp\/v2\/posts"}],"about":[{"href":"https:\/\/eldiariodesanpedro.com.ar\/sitio\/wp-json\/wp\/v2\/types\/post"}],"author":[{"embeddable":true,"href":"https:\/\/eldiariodesanpedro.com.ar\/sitio\/wp-json\/wp\/v2\/users\/4"}],"replies":[{"embeddable":true,"href":"https:\/\/eldiariodesanpedro.com.ar\/sitio\/wp-json\/wp\/v2\/comments?post=41573"}],"version-history":[{"count":1,"href":"https:\/\/eldiariodesanpedro.com.ar\/sitio\/wp-json\/wp\/v2\/posts\/41573\/revisions"}],"predecessor-version":[{"id":41576,"href":"https:\/\/eldiariodesanpedro.com.ar\/sitio\/wp-json\/wp\/v2\/posts\/41573\/revisions\/41576"}],"wp:attachment":[{"href":"https:\/\/eldiariodesanpedro.com.ar\/sitio\/wp-json\/wp\/v2\/media?parent=41573"}],"wp:term":[{"taxonomy":"category","embeddable":true,"href":"https:\/\/eldiariodesanpedro.com.ar\/sitio\/wp-json\/wp\/v2\/categories?post=41573"},{"taxonomy":"post_tag","embeddable":true,"href":"https:\/\/eldiariodesanpedro.com.ar\/sitio\/wp-json\/wp\/v2\/tags?post=41573"}],"curies":[{"name":"wp","href":"https:\/\/api.w.org\/{rel}","templated":true}]}}