{"id":41568,"date":"2018-10-09T20:36:12","date_gmt":"2018-10-09T23:36:12","guid":{"rendered":"https:\/\/eldiariodesanpedro.com.ar\/sitio\/?p=41568"},"modified":"2018-10-09T20:36:12","modified_gmt":"2018-10-09T23:36:12","slug":"exclusivo-fm-genesis-villarruel-rompio-el-silencio-coplac-habia-invertido-y-no-existia-la-idea-de-cerrar","status":"publish","type":"post","link":"https:\/\/eldiariodesanpedro.com.ar\/sitio\/exclusivo-fm-genesis-villarruel-rompio-el-silencio-coplac-habia-invertido-y-no-existia-la-idea-de-cerrar\/","title":{"rendered":"EXCLUSIVO FM G\u00c9NESIS, Villarruel rompi\u00f3 el silencio: \u201cCoplac hab\u00eda invertido y no exist\u00eda la idea de cerrar\u201d"},"content":{"rendered":"<p><!-- VideographyWP Plugin Message: Automatic video embedding prevented by plugin options. --><\/p>\n<p>El apoderado de la empresa que despidi\u00f3 a todos los trabajadores decidi\u00f3 hablar y contar paso a paso c\u00f3mo se fue dando todo hasta el cierre. Dijo estar muy dolido por todo lo que est\u00e1 pasando y que ellos no son responsables de la decisi\u00f3n tomada por el due\u00f1o de la f\u00e1brica.<\/p>\n<p>  Desde hace algo m\u00e1s de un mes la planta Coplac decidi\u00f3 cerrar sus puertas y m\u00e1s de 70 trabajadores entre operarios y personal administrativo se quedaron sin trabajo. Desde ese momento en su gran mayor\u00eda permanecen en las puertas de la panta con muy pocas expectativas de que la planta se reactive.<br \/>\n  El Dr. Sergio Villarruel se viene desempe\u00f1ando como apoderado de la Compa\u00f1\u00eda de Planeamiento Ac\u00fastico desde el a\u00f1o 2012 y fue quien ofici\u00f3 de vocero de la empresa durante todo este tiempo.<br \/>\n  Despu\u00e9s de haber guardado silencio desde el inicio del conflicto resolvi\u00f3 hablar y relatar c\u00f3mo se fue dando todo hasta llegar a la decisi\u00f3n por parte del empresario brasilero Vanderlei Razende Costa Sales de cerrar definitivamente la planta.<br \/>\n  \u201cMe tiene mal este tema, pero esper\u00e9 en hablar porque no quer\u00eda herir ninguna susceptibilidad, pero como mi nombre est\u00e1 invocado en todos los carteles y de alguna manera me hacen responsable de una situaci\u00f3n que yo no gener\u00e9 me decid\u00ed a contar qu\u00e9 fue realmente lo que pas\u00f3\u201d, se\u00f1al\u00f3 Villarruel en el aire de FM G\u00e9nesis.<br \/>\n  \u201cCoplac abri\u00f3 sus puertas en el a\u00f1o 2007 por gesti\u00f3n de Alberto L\u00f3pez Alonso y \u201cCachi\u201d Atrip que en ese momento era Secretario de la Producci\u00f3n, y al mismo tiempo abri\u00f3 la planta de C\u00f3rdoba. Dos a\u00f1os despu\u00e9s cerr\u00f3 la planta de C\u00f3rdoba y dej\u00f3 establecida la de San Pedro porque la ubicaci\u00f3n era estrat\u00e9gica\u201d.<br \/>\n  \u201cTiempo despu\u00e9s, en el a\u00f1o 2015, se empez\u00f3 a trabajar en el proyecto Fenix donde GM iba a fabricar el Chevrolet Cruze. Se trajo el casco a San Pedro, los ingenieros trabajaron en la ciudad, pero ese mismo a\u00f1o por un conflicto gremial se produjo un paro de l\u00ednea de GM a ra\u00edz de que Coplac no entregaba las piezas. Eso le ocasion\u00f3 a GM un perjuicio importante por las multas que debi\u00f3 abonar\u201d.<br \/>\n  \u201cA ra\u00edz de esta medida, en enero de 2016, GM intima a Vanderlei para que reabra la planta de C\u00f3rdoba. Mientras tanto en ese momento ya estaba el precontrato del galp\u00f3n que est\u00e1 al lado de Coplac, para producir all\u00ed todas las piezas de ese auto ac\u00e1 en San Pedro, pero se frustr\u00f3, en total iban a entrar a trabajar 150 empleados m\u00e1s\u201d, confirm\u00f3 el apoderado de la f\u00e1brica.<br \/>\n  \u201cAc\u00e1 se continu\u00f3 con la fabricaci\u00f3n de piezas del Chevrolet Corsa, algunas de Fiat y otras de Citro\u00ebn hasta que se terminaron los contratos porque los modelos dejaron de fabricarse\u201d.<br \/>\n  \u201cTiempo despu\u00e9s qued\u00f3 como \u00fanica fuente de trabajo la fabricaci\u00f3n de piezas de GM, entonces Vanderlei trajo desde C\u00f3rdoba algunos moldes para poder continuar con la actividad en San Pedro\u201d.<br \/>\n  \u201cEste a\u00f1o hubo cuatro incumplimientos en el pago de parte de la empresa, no es que se dej\u00f3 de pagar, sino que un mes se desdobl\u00f3 el salario y en otro se pag\u00f3 cuatro o cinco d\u00edas despu\u00e9s de la fecha prevista\u201d.<br \/>\n  \u201cHubo reuniones con los trabajadores, se les explic\u00f3 la situaci\u00f3n de la empresa, y en el mes de junio se hizo un acuerdo con el gremio a ra\u00edz de que GM cerraba por quince d\u00edas, entonces Vanderlei resolvi\u00f3 no cerrar, pero adelantar una semana de vacaciones y aprovechar la otra semana para hacer limpieza y reparaciones. Se firm\u00f3 un acta en el ministerio y se cumpli\u00f3 con las vacaciones, pero la semana que se ten\u00eda que trabajar se hizo un paro porque se demor\u00f3 unos d\u00edas el pago de los sueldos, as\u00ed que no se trabaj\u00f3 en los 15 d\u00edas\u201d, relat\u00f3 Villarruel.<br \/>\n  \u201cEn el mes de julio llegamos a la paritaria, los trabajadores estaban disconformes, hab\u00eda diferencias y la paritaria se aplic\u00f3 de acuerdo a lo que dec\u00eda el convenio de Setia con Fita, homologado por el Ministerio de Trabajo\u201d.<br \/>\n  \u201cEn marzo hab\u00eda existido un encuentro entre los trabajadores y Vanderlei donde cada uno dijo lo que ten\u00eda que decir, pero hubo un compromiso donde antes de tomar una medida de fuerza se iba a dialogar, pero este 7 de septiembre ante la falta de pago se hizo una medida de fuerza\u201d.<br \/>\n  \u201cNo hab\u00eda problemas con el paro porque el contrato de trabajo es una responsabilidad de ambas partes, yo te pago para que vos trabajes y uno trabaja para que se le pague\u201d.<br \/>\n  \u201cEste paro no fue acatado por todos los trabajadores y los que no fueron a trabajar hicieron un piquete y no se les permiti\u00f3 el ingreso a quienes quer\u00edan trabajar. Eso fue denunciado en el Ministerio ya que se consider\u00f3 que era un abuso al derecho de huelga\u201d.<br \/>\n  \u201cHubo audiencias y era necesario retirar de la f\u00e1brica una computadora para poder hacer el dep\u00f3sito de los sueldos, pero nos dijeron que el ingreso a la f\u00e1brica se iba a resolver en asamblea. Posteriormente se hicieron los dep\u00f3sitos, pero los trabajadores no ingresaron a la planta a trabajar entonces a esa altura el paro ya era ilegal\u201d, se\u00f1al\u00f3.<br \/>\n  \u201cAl mi\u00e9rcoles siguiente se hizo una nueva audiencia y cuando la delegada del Ministerio de Trabajo les comunic\u00f3 que se iba a dictar la conciliaci\u00f3n obligatoria le expresaron que se le solicitaba a la autoridad analizar el dictado de una conciliaci\u00f3n obligatoria porque eso ser\u00eda obligar a los trabajadores a trabajar en las deficientes condiciones de seguridad poniendo en peligro la vida de los trabajadores\u201d.<br \/>\n  \u201cSe termin\u00f3 la audiencia y en el Ministerio la delegada dijo que evaluar\u00eda de dictar la medida porque si eso suced\u00eda la hac\u00edan responsable a ella de lo que pudiera pasar\u201d.<br \/>\n  \u201cEsos d\u00edas no se trabaj\u00f3 y el viernes siguiente Vanderlei resolvi\u00f3 cerrar definitivamente la planta, y ese d\u00eda a las 11 de la ma\u00f1ana se lo comuniqu\u00e9 al Ministerio\u201d.<br \/>\n  \u201cLa situaci\u00f3n de hoy es que la empresa est\u00e1 cerrada definitivamente, es una decisi\u00f3n que tom\u00f3 la empresa porque no se pudo entregar el producto como corresponde\u201d.<br \/>\n  \u201cEsto que cuento es totalmente objetivo porque todos nos quedamos sin trabajo. En ese momento cuando toman la decisi\u00f3n de no acatar la conciliaci\u00f3n obligatoria, yo ten\u00eda el presentimiento de lo que se ven\u00eda\u201d, destac\u00f3 Sergio Villarruel.<br \/>\n  \u201cEl martes pasado estuvo en San Pedro el abogado de GM y me notificaron mediante una escriban\u00eda que se les debe restituir las herramientas que son de su propiedad, saben que no las puede embargar, y estoy tratando de consensuar la entrega del material porque no tiene sentido retenerlos y tampoco tiene sentido que vaya la fuerza p\u00fablica a querer sacarlos, porque es un acto que no veo prudente\u201d.<br \/>\n  \u201cNo exist\u00eda la idea de cerrar, Coplac hab\u00eda hecho una inversi\u00f3n de una m\u00e1quina de fabricar espuma para suplantar las importaciones y todo es comprobable\u201d, remarc\u00f3.<\/p>\n<p>Fuente: San Pedro Informa y FM Genesis<\/p>\n","protected":false},"excerpt":{"rendered":"<p>El apoderado de la empresa que despidi\u00f3 a todos los trabajadores decidi\u00f3 hablar y contar paso a paso c\u00f3mo se fue dando todo hasta el cierre. Dijo estar muy dolido por todo lo que est\u00e1 pasando y que ellos no son responsables de la decisi\u00f3n tomada por el due\u00f1o de la f\u00e1brica. Desde hace algo [&hellip;]<\/p>\n","protected":false},"author":4,"featured_media":41570,"comment_status":"open","ping_status":"closed","sticky":false,"template":"","format":"standard","meta":{"om_disable_all_campaigns":false,"_jetpack_memberships_contains_paid_content":false,"footnotes":""},"categories":[50,101,2],"tags":[],"class_list":["post-41568","post","type-post","status-publish","format-standard","has-post-thumbnail","hentry","category-destacadas","category-interes-general-locales","category-locales"],"aioseo_notices":[],"gutentor_comment":0,"jetpack_featured_media_url":"https:\/\/eldiariodesanpedro.com.ar\/sitio\/wp-content\/uploads\/2018\/10\/coplac-Villarruel-rompi\u00f3-el-silencio.jpg","jetpack_shortlink":"https:\/\/wp.me\/p6RhLt-aOs","jetpack_sharing_enabled":true,"_links":{"self":[{"href":"https:\/\/eldiariodesanpedro.com.ar\/sitio\/wp-json\/wp\/v2\/posts\/41568","targetHints":{"allow":["GET"]}}],"collection":[{"href":"https:\/\/eldiariodesanpedro.com.ar\/sitio\/wp-json\/wp\/v2\/posts"}],"about":[{"href":"https:\/\/eldiariodesanpedro.com.ar\/sitio\/wp-json\/wp\/v2\/types\/post"}],"author":[{"embeddable":true,"href":"https:\/\/eldiariodesanpedro.com.ar\/sitio\/wp-json\/wp\/v2\/users\/4"}],"replies":[{"embeddable":true,"href":"https:\/\/eldiariodesanpedro.com.ar\/sitio\/wp-json\/wp\/v2\/comments?post=41568"}],"version-history":[{"count":1,"href":"https:\/\/eldiariodesanpedro.com.ar\/sitio\/wp-json\/wp\/v2\/posts\/41568\/revisions"}],"predecessor-version":[{"id":41571,"href":"https:\/\/eldiariodesanpedro.com.ar\/sitio\/wp-json\/wp\/v2\/posts\/41568\/revisions\/41571"}],"wp:featuredmedia":[{"embeddable":true,"href":"https:\/\/eldiariodesanpedro.com.ar\/sitio\/wp-json\/wp\/v2\/media\/41570"}],"wp:attachment":[{"href":"https:\/\/eldiariodesanpedro.com.ar\/sitio\/wp-json\/wp\/v2\/media?parent=41568"}],"wp:term":[{"taxonomy":"category","embeddable":true,"href":"https:\/\/eldiariodesanpedro.com.ar\/sitio\/wp-json\/wp\/v2\/categories?post=41568"},{"taxonomy":"post_tag","embeddable":true,"href":"https:\/\/eldiariodesanpedro.com.ar\/sitio\/wp-json\/wp\/v2\/tags?post=41568"}],"curies":[{"name":"wp","href":"https:\/\/api.w.org\/{rel}","templated":true}]}}