{"id":41564,"date":"2018-10-09T18:52:13","date_gmt":"2018-10-09T21:52:13","guid":{"rendered":"https:\/\/eldiariodesanpedro.com.ar\/sitio\/?p=41564"},"modified":"2018-10-09T18:55:10","modified_gmt":"2018-10-09T21:55:10","slug":"fiesta-de-las-colectividades-13-14-y-15-de-octubre","status":"publish","type":"post","link":"https:\/\/eldiariodesanpedro.com.ar\/sitio\/fiesta-de-las-colectividades-13-14-y-15-de-octubre\/","title":{"rendered":"Fiesta de las Colectividades, 13, 14  y 15 de Octubre"},"content":{"rendered":"<p><!-- VideographyWP Plugin Message: Automatic video embedding prevented by plugin options. --><br \/>\nEste fin de semana llega una nueva edici\u00f3n de la Fiesta de la Colectividades, donde las tradiciones y las costumbres son el foco de la fiesta para compartir en familia.<\/p>\n<p>El 13, 14 y 15 de octubre los esperamos en la Plaza Constituci\u00f3n, con entrada libre y gratuita para disfrutar de shows musicales, danzas t\u00edpicas, gastronom\u00eda, charlas y stands de las colectividades Mallorquina, Alemana, Espa\u00f1ola, Venezolana, Paraguaya, \u00c1rabe, Checa, Vasca y Centros Tradicionalistas.<\/p>\n<p>Recordamos que estar\u00e1 disponible el punto de Vacunaci\u00f3n Triple Viral para menores de 5 a\u00f1os, por favor asistir con libreta sanita y\/o DNI. El puesto estar\u00e1 ubicado en las puertas de la Secretar\u00eda, Mitre 373.<\/p>\n<p>CRONOGRAMA DE ACTIVIDADES<\/p>\n<p>&#8211; S\u00e1bado 13, Inicio 18.30 hs.<br \/>\n* Ballet Vasco de Arrecifes \u00abTxikis Ni\u00f1os\u00bb<br \/>\n* Grupo de Danzas \u00c1rabes \u00abMarzuc\u00bb<br \/>\n* Joselito Tango Show<br \/>\n* Balet Vasco de Arrecifes grupo de Adultos \u00abTxikis Ni\u00f1os\u00bb<br \/>\n* Balet Vasco San Nicol\u00e1s \u00abIg\u00e1ra Taldea\u00bb<br \/>\n21 hs. Cierre &#8211; Keko Gonz\u00e1lez<\/p>\n<p>-Domingo 14 &#8211; Inicio 17 hs.<br \/>\n*17 hs. Charla en la Biblioteca Rafael Obligado \u00abEl bombardeo de Gernika\u00bb a cargo del profesor C\u00e9sar Arrondo.<br \/>\n*Presentaci\u00f3n de un cuadro de Guernica realizado en Marquiter\u00eda por el artista Yayo Altolaguirre<br \/>\n*18 hs. Ceremonia de Apertura<br \/>\n*Ballet de Danza Alemanas Unsere Lustiguen Tanzer<br \/>\n*Ballet Mallorqu\u00edn \u00abFent Polsegera\u00bb<br \/>\n*Ballet Folkl\u00f3rico \u00abFlorcita de Cedr\u00f3n\u00bb<br \/>\n*Ballet de Danzas Alemanas Unsere Lustiguen Tanzer.<br \/>\n*Ballet \u00abPetiton Mallorquins\u00bb<br \/>\n*Ballet \u00abSaufar Lubnan\u00bb<br \/>\n*Cierre 21 hs. Claudio Mart\u00edn<\/p>\n<p><iframe data-src=\"https:\/\/www.facebook.com\/plugins\/video.php?href=https%3A%2F%2Fwww.facebook.com%2Feldiario.desanpedro%2Fvideos%2F253696681954811%2F&#038;show_text=0&#038;width=560\" width=\"560\" height=\"315\" style=\"border:none;overflow:hidden\" scrolling=\"no\" frameborder=\"0\" allowTransparency=\"true\" allowFullScreen=\"true\" src=\"data:image\/svg+xml;base64,PHN2ZyB3aWR0aD0iMSIgaGVpZ2h0PSIxIiB4bWxucz0iaHR0cDovL3d3dy53My5vcmcvMjAwMC9zdmciPjwvc3ZnPg==\" class=\"lazyload\" data-load-mode=\"1\"><\/iframe><\/p>\n<p><iframe data-src=\"https:\/\/www.facebook.com\/plugins\/video.php?href=https%3A%2F%2Fwww.facebook.com%2Feldiario.desanpedro%2Fvideos%2F1917122948325509%2F&#038;show_text=0&#038;width=560\" width=\"560\" height=\"315\" style=\"border:none;overflow:hidden\" scrolling=\"no\" frameborder=\"0\" allowTransparency=\"true\" allowFullScreen=\"true\" src=\"data:image\/svg+xml;base64,PHN2ZyB3aWR0aD0iMSIgaGVpZ2h0PSIxIiB4bWxucz0iaHR0cDovL3d3dy53My5vcmcvMjAwMC9zdmciPjwvc3ZnPg==\" class=\"lazyload\" data-load-mode=\"1\"><\/iframe><\/p>\n","protected":false},"excerpt":{"rendered":"<p>Este fin de semana llega una nueva edici\u00f3n de la Fiesta de la Colectividades, donde las tradiciones y las costumbres son el foco de la fiesta para compartir en familia. El 13, 14 y 15 de octubre los esperamos en la Plaza Constituci\u00f3n, con entrada libre y gratuita para disfrutar de shows musicales, danzas t\u00edpicas, [&hellip;]<\/p>\n","protected":false},"author":4,"featured_media":41565,"comment_status":"open","ping_status":"closed","sticky":false,"template":"","format":"standard","meta":{"om_disable_all_campaigns":false,"_jetpack_memberships_contains_paid_content":false,"footnotes":""},"categories":[50,101,2],"tags":[],"class_list":["post-41564","post","type-post","status-publish","format-standard","has-post-thumbnail","hentry","category-destacadas","category-interes-general-locales","category-locales"],"aioseo_notices":[],"gutentor_comment":0,"jetpack_featured_media_url":"https:\/\/eldiariodesanpedro.com.ar\/sitio\/wp-content\/uploads\/2018\/10\/pastedImage-4.png","jetpack_shortlink":"https:\/\/wp.me\/p6RhLt-aOo","jetpack_sharing_enabled":true,"_links":{"self":[{"href":"https:\/\/eldiariodesanpedro.com.ar\/sitio\/wp-json\/wp\/v2\/posts\/41564","targetHints":{"allow":["GET"]}}],"collection":[{"href":"https:\/\/eldiariodesanpedro.com.ar\/sitio\/wp-json\/wp\/v2\/posts"}],"about":[{"href":"https:\/\/eldiariodesanpedro.com.ar\/sitio\/wp-json\/wp\/v2\/types\/post"}],"author":[{"embeddable":true,"href":"https:\/\/eldiariodesanpedro.com.ar\/sitio\/wp-json\/wp\/v2\/users\/4"}],"replies":[{"embeddable":true,"href":"https:\/\/eldiariodesanpedro.com.ar\/sitio\/wp-json\/wp\/v2\/comments?post=41564"}],"version-history":[{"count":1,"href":"https:\/\/eldiariodesanpedro.com.ar\/sitio\/wp-json\/wp\/v2\/posts\/41564\/revisions"}],"predecessor-version":[{"id":41566,"href":"https:\/\/eldiariodesanpedro.com.ar\/sitio\/wp-json\/wp\/v2\/posts\/41564\/revisions\/41566"}],"wp:featuredmedia":[{"embeddable":true,"href":"https:\/\/eldiariodesanpedro.com.ar\/sitio\/wp-json\/wp\/v2\/media\/41565"}],"wp:attachment":[{"href":"https:\/\/eldiariodesanpedro.com.ar\/sitio\/wp-json\/wp\/v2\/media?parent=41564"}],"wp:term":[{"taxonomy":"category","embeddable":true,"href":"https:\/\/eldiariodesanpedro.com.ar\/sitio\/wp-json\/wp\/v2\/categories?post=41564"},{"taxonomy":"post_tag","embeddable":true,"href":"https:\/\/eldiariodesanpedro.com.ar\/sitio\/wp-json\/wp\/v2\/tags?post=41564"}],"curies":[{"name":"wp","href":"https:\/\/api.w.org\/{rel}","templated":true}]}}