{"id":41560,"date":"2018-10-09T18:26:17","date_gmt":"2018-10-09T21:26:17","guid":{"rendered":"https:\/\/eldiariodesanpedro.com.ar\/sitio\/?p=41560"},"modified":"2018-10-09T18:26:17","modified_gmt":"2018-10-09T21:26:17","slug":"laboratorio-pymex-estrategias-de-diseno-e-imagen-para-exportar","status":"publish","type":"post","link":"https:\/\/eldiariodesanpedro.com.ar\/sitio\/laboratorio-pymex-estrategias-de-diseno-e-imagen-para-exportar\/","title":{"rendered":"Laboratorio PyMEx: \u201cEstrategias de dise\u00f1o e imagen para exportar\u201d"},"content":{"rendered":"<p><!-- VideographyWP Plugin Message: Automatic video embedding prevented by plugin options. --><br \/>\nLa Agencia de Promoci\u00f3n de Inversiones y Comercio Exterior de la Provincia de Buenos Aires (GLOBA) junto a los Municipios de San Pedro, Pergamino y San Nicol\u00e1s; con el apoyo de  la Agencia Argentina de Inversiones y Comercio Internacional (AAICI), lo invitan a participar del taller Laboratorio PyMEx sobre \u00abEstrategias de dise\u00f1o e imagen para exportar\u00bb. En el mismo evento tambi\u00e9n trataremos las distintas \u00abNormas de certificaci\u00f3n y su impacto en el comercio internacional\u00bb.<\/p>\n<p>Cronograma:<\/p>\n<p>10:00hs Apertura a cargo de autoridades.<br \/>\n10:15hs Sebastian Guerrini : \u00abEstrategias de dise\u00f1o e imagen para exportar\u00bb.<br \/>\n11:hs Break.<br \/>\n11:150hs An\u00e1lisis caso por caso de las empresas participantes.<br \/>\n11:30hs Mariano Salerno: \u00abNormas privadas de certificaci\u00f3n y su impacto en el comercio internacional\u00bb.<br \/>\n12:30hs Cierre.<\/p>\n<p>Oradores:<br \/>\nSebastian Guerrini: Doctor de la Universidad de Kent sobre Comunicaci\u00f3n y Estudios de la Imagen en Inglaterra. Dise\u00f1ador de Comunicaci\u00f3n Visual en la Universidad de La Plata,<br \/>\nMariano Salerno: Ingeniero Agr\u00f3nomo especialista en implementaci\u00f3n de normas de calidad e Inocuidad de Agroalimentos.<\/p>\n<p>Fecha: 11 de octubre de -10:00 hs a 13:00 hs.<br \/>\nLugar: Centro de Comercio Industria y Turismo, Sal\u00f3n de los espejos.<br \/>\nCalle: Mitre 650 San Pedro<\/p>\n<p>Email: exportacionespba@sg.gba.gob.ar   Tel: 4342-9040<\/p>\n","protected":false},"excerpt":{"rendered":"<p>La Agencia de Promoci\u00f3n de Inversiones y Comercio Exterior de la Provincia de Buenos Aires (GLOBA) junto a los Municipios de San Pedro, Pergamino y San Nicol\u00e1s; con el apoyo de la Agencia Argentina de Inversiones y Comercio Internacional (AAICI), lo invitan a participar del taller Laboratorio PyMEx sobre \u00abEstrategias de dise\u00f1o e imagen para [&hellip;]<\/p>\n","protected":false},"author":4,"featured_media":41562,"comment_status":"open","ping_status":"closed","sticky":false,"template":"","format":"standard","meta":{"om_disable_all_campaigns":false,"_jetpack_memberships_contains_paid_content":false,"footnotes":""},"categories":[101,2],"tags":[],"class_list":["post-41560","post","type-post","status-publish","format-standard","has-post-thumbnail","hentry","category-interes-general-locales","category-locales"],"aioseo_notices":[],"gutentor_comment":0,"jetpack_featured_media_url":"https:\/\/eldiariodesanpedro.com.ar\/sitio\/wp-content\/uploads\/2018\/10\/pastedImage-3.png","jetpack_shortlink":"https:\/\/wp.me\/p6RhLt-aOk","jetpack_sharing_enabled":true,"_links":{"self":[{"href":"https:\/\/eldiariodesanpedro.com.ar\/sitio\/wp-json\/wp\/v2\/posts\/41560","targetHints":{"allow":["GET"]}}],"collection":[{"href":"https:\/\/eldiariodesanpedro.com.ar\/sitio\/wp-json\/wp\/v2\/posts"}],"about":[{"href":"https:\/\/eldiariodesanpedro.com.ar\/sitio\/wp-json\/wp\/v2\/types\/post"}],"author":[{"embeddable":true,"href":"https:\/\/eldiariodesanpedro.com.ar\/sitio\/wp-json\/wp\/v2\/users\/4"}],"replies":[{"embeddable":true,"href":"https:\/\/eldiariodesanpedro.com.ar\/sitio\/wp-json\/wp\/v2\/comments?post=41560"}],"version-history":[{"count":1,"href":"https:\/\/eldiariodesanpedro.com.ar\/sitio\/wp-json\/wp\/v2\/posts\/41560\/revisions"}],"predecessor-version":[{"id":41563,"href":"https:\/\/eldiariodesanpedro.com.ar\/sitio\/wp-json\/wp\/v2\/posts\/41560\/revisions\/41563"}],"wp:featuredmedia":[{"embeddable":true,"href":"https:\/\/eldiariodesanpedro.com.ar\/sitio\/wp-json\/wp\/v2\/media\/41562"}],"wp:attachment":[{"href":"https:\/\/eldiariodesanpedro.com.ar\/sitio\/wp-json\/wp\/v2\/media?parent=41560"}],"wp:term":[{"taxonomy":"category","embeddable":true,"href":"https:\/\/eldiariodesanpedro.com.ar\/sitio\/wp-json\/wp\/v2\/categories?post=41560"},{"taxonomy":"post_tag","embeddable":true,"href":"https:\/\/eldiariodesanpedro.com.ar\/sitio\/wp-json\/wp\/v2\/tags?post=41560"}],"curies":[{"name":"wp","href":"https:\/\/api.w.org\/{rel}","templated":true}]}}