{"id":41558,"date":"2018-10-09T18:17:50","date_gmt":"2018-10-09T21:17:50","guid":{"rendered":"https:\/\/eldiariodesanpedro.com.ar\/sitio\/?p=41558"},"modified":"2018-10-09T18:17:50","modified_gmt":"2018-10-09T21:17:50","slug":"dos-hechos-de-hurto-en-el-parte-policial","status":"publish","type":"post","link":"https:\/\/eldiariodesanpedro.com.ar\/sitio\/dos-hechos-de-hurto-en-el-parte-policial\/","title":{"rendered":"Dos hechos de hurto en el parte policial"},"content":{"rendered":"<p><!-- VideographyWP Plugin Message: Automatic video embedding prevented by plugin options. --><br \/>\nEste lunes dos denuncias por el hecho de hurto fueron ratificadas en la Comisaria Local. Sustrajeron una motocicleta 110 cc y plantines de un vivero.<\/p>\n<p>La primer denuncia fue por un hombre de 57 a\u00f1os de edad, propietario de un Vivero en la zona rural cuartel VI, quien constat\u00f3 al llegar al lugar que delincuentes ignorados le hab\u00edan sustra\u00eddo plantines de diferentes variedades.<\/p>\n<p>Tambi\u00e9n al mediod\u00eda un joven de 25, denunci\u00f3 que le sustrajeron su motocicleta 110 ccdesde su domicilio Las Provincias al 1700.<\/p>\n<p>Interviene en ambos casos la fiscal\u00eda de turno.<\/p>\n","protected":false},"excerpt":{"rendered":"<p>Este lunes dos denuncias por el hecho de hurto fueron ratificadas en la Comisaria Local. Sustrajeron una motocicleta 110 cc y plantines de un vivero. La primer denuncia fue por un hombre de 57 a\u00f1os de edad, propietario de un Vivero en la zona rural cuartel VI, quien constat\u00f3 al llegar al lugar que delincuentes [&hellip;]<\/p>\n","protected":false},"author":4,"featured_media":13372,"comment_status":"open","ping_status":"closed","sticky":false,"template":"","format":"standard","meta":{"om_disable_all_campaigns":false,"_jetpack_memberships_contains_paid_content":false,"footnotes":""},"categories":[2,103],"tags":[],"class_list":["post-41558","post","type-post","status-publish","format-standard","has-post-thumbnail","hentry","category-locales","category-policiales-locales"],"aioseo_notices":[],"gutentor_comment":0,"jetpack_featured_media_url":"https:\/\/eldiariodesanpedro.com.ar\/sitio\/wp-content\/uploads\/2017\/01\/Patrulla-4-e1485286120389.jpg","jetpack_shortlink":"https:\/\/wp.me\/p6RhLt-aOi","jetpack_sharing_enabled":true,"_links":{"self":[{"href":"https:\/\/eldiariodesanpedro.com.ar\/sitio\/wp-json\/wp\/v2\/posts\/41558","targetHints":{"allow":["GET"]}}],"collection":[{"href":"https:\/\/eldiariodesanpedro.com.ar\/sitio\/wp-json\/wp\/v2\/posts"}],"about":[{"href":"https:\/\/eldiariodesanpedro.com.ar\/sitio\/wp-json\/wp\/v2\/types\/post"}],"author":[{"embeddable":true,"href":"https:\/\/eldiariodesanpedro.com.ar\/sitio\/wp-json\/wp\/v2\/users\/4"}],"replies":[{"embeddable":true,"href":"https:\/\/eldiariodesanpedro.com.ar\/sitio\/wp-json\/wp\/v2\/comments?post=41558"}],"version-history":[{"count":1,"href":"https:\/\/eldiariodesanpedro.com.ar\/sitio\/wp-json\/wp\/v2\/posts\/41558\/revisions"}],"predecessor-version":[{"id":41559,"href":"https:\/\/eldiariodesanpedro.com.ar\/sitio\/wp-json\/wp\/v2\/posts\/41558\/revisions\/41559"}],"wp:featuredmedia":[{"embeddable":true,"href":"https:\/\/eldiariodesanpedro.com.ar\/sitio\/wp-json\/wp\/v2\/media\/13372"}],"wp:attachment":[{"href":"https:\/\/eldiariodesanpedro.com.ar\/sitio\/wp-json\/wp\/v2\/media?parent=41558"}],"wp:term":[{"taxonomy":"category","embeddable":true,"href":"https:\/\/eldiariodesanpedro.com.ar\/sitio\/wp-json\/wp\/v2\/categories?post=41558"},{"taxonomy":"post_tag","embeddable":true,"href":"https:\/\/eldiariodesanpedro.com.ar\/sitio\/wp-json\/wp\/v2\/tags?post=41558"}],"curies":[{"name":"wp","href":"https:\/\/api.w.org\/{rel}","templated":true}]}}