{"id":41555,"date":"2018-10-09T09:12:42","date_gmt":"2018-10-09T12:12:42","guid":{"rendered":"https:\/\/eldiariodesanpedro.com.ar\/sitio\/?p=41555"},"modified":"2018-10-09T09:14:30","modified_gmt":"2018-10-09T12:14:30","slug":"le-robaron-su-perrito-y-fue-recuperado-por-la-policia","status":"publish","type":"post","link":"https:\/\/eldiariodesanpedro.com.ar\/sitio\/le-robaron-su-perrito-y-fue-recuperado-por-la-policia\/","title":{"rendered":"Le robaron su perrito y fue recuperado por la policia"},"content":{"rendered":"<p><!-- VideographyWP Plugin Message: Automatic video embedding prevented by plugin options. --><br \/>\nUna vecina denunci\u00f3 este sabado por la ma\u00f1ana que delincuentes ignorados le sustrajeron su perrito de la vereda de su domicilio. Este lunes por la tarde fue recuperado por el personal policial a trav\u00e9s de una diligencia de allanamiento<\/p>\n<p>Personal del Gabinete criminol\u00f3gico y de la DDI local,  diligenciaron una orden de allanamiento en calle Brenan al 1000; en su interior se encontraban sus moradores, una pareja de hombre y mujer mayores de edad, y el perro de raza chica que estaba siendo buscado.<\/p>\n<p>La investigaci\u00f3n hab\u00eda comenzado ante la sustracci\u00f3n de la mascota, de la vereda de un domicilio particular de calle Mitre al 1700, denunciado por su due\u00f1a en la sede policial, y que se manten\u00eda en reserva hasta las diligencias judiciales que r\u00e1pidamente fueron otorgadas por la fiscal\u00eda en turno de San Pedro.<\/p>\n<p>La pareja fue imputada del delito de Hurto, habi\u00e9ndose cumplimentado recaudos legales. El perro fue restituido a su propietaria.<\/p>\n<p><img decoding=\"async\" data-attachment-id=\"41548\" data-permalink=\"https:\/\/eldiariodesanpedro.com.ar\/sitio\/mis-cosas-robadas-las-tenia-mi-vecino\/whatsapp-image-2018-10-08-at-21-11-16\/\" data-orig-file=\"https:\/\/eldiariodesanpedro.com.ar\/sitio\/wp-content\/uploads\/2018\/10\/WhatsApp-Image-2018-10-08-at-21.11.16.jpeg\" data-orig-size=\"581,1032\" data-comments-opened=\"1\" data-image-meta=\"{&quot;aperture&quot;:&quot;0&quot;,&quot;credit&quot;:&quot;&quot;,&quot;camera&quot;:&quot;&quot;,&quot;caption&quot;:&quot;&quot;,&quot;created_timestamp&quot;:&quot;0&quot;,&quot;copyright&quot;:&quot;&quot;,&quot;focal_length&quot;:&quot;0&quot;,&quot;iso&quot;:&quot;0&quot;,&quot;shutter_speed&quot;:&quot;0&quot;,&quot;title&quot;:&quot;&quot;,&quot;orientation&quot;:&quot;0&quot;}\" data-image-title=\"WhatsApp Image 2018-10-08 at 21.11.16\" data-image-description=\"\" data-image-caption=\"\" data-large-file=\"https:\/\/eldiariodesanpedro.com.ar\/sitio\/wp-content\/uploads\/2018\/10\/WhatsApp-Image-2018-10-08-at-21.11.16-576x1024.jpeg\" data-src=\"https:\/\/eldiariodesanpedro.com.ar\/sitio\/wp-content\/uploads\/2018\/10\/WhatsApp-Image-2018-10-08-at-21.11.16-576x1024.jpeg\" alt=\"\" width=\"576\" height=\"1024\" class=\"alignnone size-large wp-image-41548 lazyload\" data-srcset=\"https:\/\/eldiariodesanpedro.com.ar\/sitio\/wp-content\/uploads\/2018\/10\/WhatsApp-Image-2018-10-08-at-21.11.16-576x1024.jpeg 576w, https:\/\/eldiariodesanpedro.com.ar\/sitio\/wp-content\/uploads\/2018\/10\/WhatsApp-Image-2018-10-08-at-21.11.16-169x300.jpeg 169w, https:\/\/eldiariodesanpedro.com.ar\/sitio\/wp-content\/uploads\/2018\/10\/WhatsApp-Image-2018-10-08-at-21.11.16.jpeg 581w\" data-sizes=\"(max-width: 576px) 100vw, 576px\" src=\"data:image\/svg+xml;base64,PHN2ZyB3aWR0aD0iMSIgaGVpZ2h0PSIxIiB4bWxucz0iaHR0cDovL3d3dy53My5vcmcvMjAwMC9zdmciPjwvc3ZnPg==\" style=\"--smush-placeholder-width: 576px; --smush-placeholder-aspect-ratio: 576\/1024;\" \/><\/p>\n","protected":false},"excerpt":{"rendered":"<p>Una vecina denunci\u00f3 este sabado por la ma\u00f1ana que delincuentes ignorados le sustrajeron su perrito de la vereda de su domicilio. Este lunes por la tarde fue recuperado por el personal policial a trav\u00e9s de una diligencia de allanamiento Personal del Gabinete criminol\u00f3gico y de la DDI local, diligenciaron una orden de allanamiento en calle [&hellip;]<\/p>\n","protected":false},"author":4,"featured_media":39230,"comment_status":"open","ping_status":"closed","sticky":false,"template":"","format":"standard","meta":{"om_disable_all_campaigns":false,"_jetpack_memberships_contains_paid_content":false,"footnotes":""},"categories":[50,2,103],"tags":[],"class_list":["post-41555","post","type-post","status-publish","format-standard","has-post-thumbnail","hentry","category-destacadas","category-locales","category-policiales-locales"],"aioseo_notices":[],"gutentor_comment":0,"jetpack_featured_media_url":"https:\/\/eldiariodesanpedro.com.ar\/sitio\/wp-content\/uploads\/2018\/08\/patrullero-policia_3.jpg","jetpack_shortlink":"https:\/\/wp.me\/p6RhLt-aOf","jetpack_sharing_enabled":true,"_links":{"self":[{"href":"https:\/\/eldiariodesanpedro.com.ar\/sitio\/wp-json\/wp\/v2\/posts\/41555","targetHints":{"allow":["GET"]}}],"collection":[{"href":"https:\/\/eldiariodesanpedro.com.ar\/sitio\/wp-json\/wp\/v2\/posts"}],"about":[{"href":"https:\/\/eldiariodesanpedro.com.ar\/sitio\/wp-json\/wp\/v2\/types\/post"}],"author":[{"embeddable":true,"href":"https:\/\/eldiariodesanpedro.com.ar\/sitio\/wp-json\/wp\/v2\/users\/4"}],"replies":[{"embeddable":true,"href":"https:\/\/eldiariodesanpedro.com.ar\/sitio\/wp-json\/wp\/v2\/comments?post=41555"}],"version-history":[{"count":2,"href":"https:\/\/eldiariodesanpedro.com.ar\/sitio\/wp-json\/wp\/v2\/posts\/41555\/revisions"}],"predecessor-version":[{"id":41557,"href":"https:\/\/eldiariodesanpedro.com.ar\/sitio\/wp-json\/wp\/v2\/posts\/41555\/revisions\/41557"}],"wp:featuredmedia":[{"embeddable":true,"href":"https:\/\/eldiariodesanpedro.com.ar\/sitio\/wp-json\/wp\/v2\/media\/39230"}],"wp:attachment":[{"href":"https:\/\/eldiariodesanpedro.com.ar\/sitio\/wp-json\/wp\/v2\/media?parent=41555"}],"wp:term":[{"taxonomy":"category","embeddable":true,"href":"https:\/\/eldiariodesanpedro.com.ar\/sitio\/wp-json\/wp\/v2\/categories?post=41555"},{"taxonomy":"post_tag","embeddable":true,"href":"https:\/\/eldiariodesanpedro.com.ar\/sitio\/wp-json\/wp\/v2\/tags?post=41555"}],"curies":[{"name":"wp","href":"https:\/\/api.w.org\/{rel}","templated":true}]}}