{"id":41550,"date":"2018-10-09T08:55:38","date_gmt":"2018-10-09T11:55:38","guid":{"rendered":"https:\/\/eldiariodesanpedro.com.ar\/sitio\/?p=41550"},"modified":"2018-10-09T08:55:38","modified_gmt":"2018-10-09T11:55:38","slug":"granizada-en-castro-preocupacion-por-la-perdida-de-durazno","status":"publish","type":"post","link":"https:\/\/eldiariodesanpedro.com.ar\/sitio\/granizada-en-castro-preocupacion-por-la-perdida-de-durazno\/","title":{"rendered":"Granizada en Castro, preocupaci\u00f3n por la p\u00e9rdida de Durazno"},"content":{"rendered":"<p><!-- VideographyWP Plugin Message: Automatic video embedding prevented by plugin options. --><br \/>\nEste lunes por la noche, pasadas las 22hs, en Gobernador Castro se registraron lluvias con ca\u00edda de granizo Por m\u00e1s de cinco minutos el pueblo se estremeci\u00f3 ante la llegada de esta gran tormenta. La cosecha de Durazno se perdi\u00f3 un 50%.<\/p>\n<p>La fuerte tormenta estuvo acompa\u00f1ada por gran ca\u00edda de granizo, mas grande que por ejemplo, un huevo de gallina; todav\u00eda no se pudo establecer cu\u00e1nto da\u00f1o caus\u00f3 en las plantaciones de durazno, pero hay preocupaci\u00f3n entre los productores. <\/p>\n<p>Dialogo con este medio uno de los productores de la localidad mencionada y expreso: \u00abfue mucha piedra con poca de agua, no hay plantas lastimadas pero si las deshojo y las frutas en el suelo si est\u00e1n lastimadas; varias quintas por lo que pude saber de mis colegas est\u00e1n destrozadas\u00bb y agrego \u00abfaltaba poquito, ya estabamos en el ultimo tramo de la producci\u00f3n de durazno que era esperar que madure, pasamos heladas, frios y hace poquito otra granizada, pero esta vez se calcula la perdida de un 50%\u00bb.<\/p>\n<p>Adem\u00e1s, en la Buena Moza el granizo tambi\u00e9n tuvo una dimensi\u00f3n considerable y afect\u00f3 gran parte de la zona. R\u00edo Tala tampoco estuvo ajena a la situaci\u00f3n y se vio afectado por el alerta meteorol\u00f3gico por \u00abprobables tormentas fuertes\u00bb.<\/p>\n<p><img decoding=\"async\" data-attachment-id=\"41553\" data-permalink=\"https:\/\/eldiariodesanpedro.com.ar\/sitio\/granizada-en-castro-preocupacion-por-la-perdida-de-durazno\/whatsapp-image-2018-10-08-at-22-47-55\/\" data-orig-file=\"https:\/\/eldiariodesanpedro.com.ar\/sitio\/wp-content\/uploads\/2018\/10\/WhatsApp-Image-2018-10-08-at-22.47.55.jpeg\" data-orig-size=\"720,1280\" data-comments-opened=\"1\" data-image-meta=\"{&quot;aperture&quot;:&quot;0&quot;,&quot;credit&quot;:&quot;&quot;,&quot;camera&quot;:&quot;&quot;,&quot;caption&quot;:&quot;&quot;,&quot;created_timestamp&quot;:&quot;0&quot;,&quot;copyright&quot;:&quot;&quot;,&quot;focal_length&quot;:&quot;0&quot;,&quot;iso&quot;:&quot;0&quot;,&quot;shutter_speed&quot;:&quot;0&quot;,&quot;title&quot;:&quot;&quot;,&quot;orientation&quot;:&quot;0&quot;}\" data-image-title=\"WhatsApp Image 2018-10-08 at 22.47.55\" data-image-description=\"\" data-image-caption=\"\" data-large-file=\"https:\/\/eldiariodesanpedro.com.ar\/sitio\/wp-content\/uploads\/2018\/10\/WhatsApp-Image-2018-10-08-at-22.47.55-576x1024.jpeg\" data-src=\"https:\/\/eldiariodesanpedro.com.ar\/sitio\/wp-content\/uploads\/2018\/10\/WhatsApp-Image-2018-10-08-at-22.47.55-576x1024.jpeg\" alt=\"\" width=\"576\" height=\"1024\" class=\"alignnone size-large wp-image-41553 lazyload\" data-srcset=\"https:\/\/eldiariodesanpedro.com.ar\/sitio\/wp-content\/uploads\/2018\/10\/WhatsApp-Image-2018-10-08-at-22.47.55-576x1024.jpeg 576w, https:\/\/eldiariodesanpedro.com.ar\/sitio\/wp-content\/uploads\/2018\/10\/WhatsApp-Image-2018-10-08-at-22.47.55-169x300.jpeg 169w, https:\/\/eldiariodesanpedro.com.ar\/sitio\/wp-content\/uploads\/2018\/10\/WhatsApp-Image-2018-10-08-at-22.47.55.jpeg 720w\" data-sizes=\"(max-width: 576px) 100vw, 576px\" src=\"data:image\/svg+xml;base64,PHN2ZyB3aWR0aD0iMSIgaGVpZ2h0PSIxIiB4bWxucz0iaHR0cDovL3d3dy53My5vcmcvMjAwMC9zdmciPjwvc3ZnPg==\" style=\"--smush-placeholder-width: 576px; --smush-placeholder-aspect-ratio: 576\/1024;\" \/><\/p>\n<p><img decoding=\"async\" data-attachment-id=\"41552\" data-permalink=\"https:\/\/eldiariodesanpedro.com.ar\/sitio\/granizada-en-castro-preocupacion-por-la-perdida-de-durazno\/whatsapp-image-2018-10-08-at-22-47-55-1\/\" data-orig-file=\"https:\/\/eldiariodesanpedro.com.ar\/sitio\/wp-content\/uploads\/2018\/10\/WhatsApp-Image-2018-10-08-at-22.47.55-1.jpeg\" data-orig-size=\"718,721\" data-comments-opened=\"1\" data-image-meta=\"{&quot;aperture&quot;:&quot;0&quot;,&quot;credit&quot;:&quot;Picasa&quot;,&quot;camera&quot;:&quot;&quot;,&quot;caption&quot;:&quot;&quot;,&quot;created_timestamp&quot;:&quot;1539085084&quot;,&quot;copyright&quot;:&quot;&quot;,&quot;focal_length&quot;:&quot;0&quot;,&quot;iso&quot;:&quot;0&quot;,&quot;shutter_speed&quot;:&quot;0&quot;,&quot;title&quot;:&quot;&quot;,&quot;orientation&quot;:&quot;0&quot;}\" data-image-title=\"WhatsApp Image 2018-10-08 at 22.47.55 (1)\" data-image-description=\"\" data-image-caption=\"\" data-large-file=\"https:\/\/eldiariodesanpedro.com.ar\/sitio\/wp-content\/uploads\/2018\/10\/WhatsApp-Image-2018-10-08-at-22.47.55-1.jpeg\" data-src=\"https:\/\/eldiariodesanpedro.com.ar\/sitio\/wp-content\/uploads\/2018\/10\/WhatsApp-Image-2018-10-08-at-22.47.55-1.jpeg\" alt=\"\" width=\"718\" height=\"721\" class=\"alignnone size-full wp-image-41552 lazyload\" data-srcset=\"https:\/\/eldiariodesanpedro.com.ar\/sitio\/wp-content\/uploads\/2018\/10\/WhatsApp-Image-2018-10-08-at-22.47.55-1.jpeg 718w, https:\/\/eldiariodesanpedro.com.ar\/sitio\/wp-content\/uploads\/2018\/10\/WhatsApp-Image-2018-10-08-at-22.47.55-1-150x150.jpeg 150w, https:\/\/eldiariodesanpedro.com.ar\/sitio\/wp-content\/uploads\/2018\/10\/WhatsApp-Image-2018-10-08-at-22.47.55-1-300x300.jpeg 300w\" data-sizes=\"(max-width: 718px) 100vw, 718px\" src=\"data:image\/svg+xml;base64,PHN2ZyB3aWR0aD0iMSIgaGVpZ2h0PSIxIiB4bWxucz0iaHR0cDovL3d3dy53My5vcmcvMjAwMC9zdmciPjwvc3ZnPg==\" style=\"--smush-placeholder-width: 718px; --smush-placeholder-aspect-ratio: 718\/721;\" \/><\/p>\n<p><img decoding=\"async\" data-attachment-id=\"41551\" data-permalink=\"https:\/\/eldiariodesanpedro.com.ar\/sitio\/granizada-en-castro-preocupacion-por-la-perdida-de-durazno\/43422605_10157927317648696_8137960421639323648_n\/\" data-orig-file=\"https:\/\/eldiariodesanpedro.com.ar\/sitio\/wp-content\/uploads\/2018\/10\/43422605_10157927317648696_8137960421639323648_n.jpg\" data-orig-size=\"540,960\" data-comments-opened=\"1\" data-image-meta=\"{&quot;aperture&quot;:&quot;0&quot;,&quot;credit&quot;:&quot;&quot;,&quot;camera&quot;:&quot;&quot;,&quot;caption&quot;:&quot;&quot;,&quot;created_timestamp&quot;:&quot;0&quot;,&quot;copyright&quot;:&quot;&quot;,&quot;focal_length&quot;:&quot;0&quot;,&quot;iso&quot;:&quot;0&quot;,&quot;shutter_speed&quot;:&quot;0&quot;,&quot;title&quot;:&quot;&quot;,&quot;orientation&quot;:&quot;0&quot;}\" data-image-title=\"43422605_10157927317648696_8137960421639323648_n\" data-image-description=\"\" data-image-caption=\"\" data-large-file=\"https:\/\/eldiariodesanpedro.com.ar\/sitio\/wp-content\/uploads\/2018\/10\/43422605_10157927317648696_8137960421639323648_n.jpg\" data-src=\"https:\/\/eldiariodesanpedro.com.ar\/sitio\/wp-content\/uploads\/2018\/10\/43422605_10157927317648696_8137960421639323648_n.jpg\" alt=\"\" width=\"540\" height=\"960\" class=\"alignnone size-full wp-image-41551 lazyload\" data-srcset=\"https:\/\/eldiariodesanpedro.com.ar\/sitio\/wp-content\/uploads\/2018\/10\/43422605_10157927317648696_8137960421639323648_n.jpg 540w, https:\/\/eldiariodesanpedro.com.ar\/sitio\/wp-content\/uploads\/2018\/10\/43422605_10157927317648696_8137960421639323648_n-169x300.jpg 169w\" data-sizes=\"(max-width: 540px) 100vw, 540px\" src=\"data:image\/svg+xml;base64,PHN2ZyB3aWR0aD0iMSIgaGVpZ2h0PSIxIiB4bWxucz0iaHR0cDovL3d3dy53My5vcmcvMjAwMC9zdmciPjwvc3ZnPg==\" style=\"--smush-placeholder-width: 540px; --smush-placeholder-aspect-ratio: 540\/960;\" \/><\/p>\n","protected":false},"excerpt":{"rendered":"<p>Este lunes por la noche, pasadas las 22hs, en Gobernador Castro se registraron lluvias con ca\u00edda de granizo Por m\u00e1s de cinco minutos el pueblo se estremeci\u00f3 ante la llegada de esta gran tormenta. La cosecha de Durazno se perdi\u00f3 un 50%. La fuerte tormenta estuvo acompa\u00f1ada por gran ca\u00edda de granizo, mas grande que [&hellip;]<\/p>\n","protected":false},"author":4,"featured_media":41552,"comment_status":"open","ping_status":"closed","sticky":false,"template":"","format":"standard","meta":{"om_disable_all_campaigns":false,"_jetpack_memberships_contains_paid_content":false,"footnotes":""},"categories":[50,101,2],"tags":[],"class_list":["post-41550","post","type-post","status-publish","format-standard","has-post-thumbnail","hentry","category-destacadas","category-interes-general-locales","category-locales"],"aioseo_notices":[],"gutentor_comment":0,"jetpack_featured_media_url":"https:\/\/eldiariodesanpedro.com.ar\/sitio\/wp-content\/uploads\/2018\/10\/WhatsApp-Image-2018-10-08-at-22.47.55-1.jpeg","jetpack_shortlink":"https:\/\/wp.me\/p6RhLt-aOa","jetpack_sharing_enabled":true,"_links":{"self":[{"href":"https:\/\/eldiariodesanpedro.com.ar\/sitio\/wp-json\/wp\/v2\/posts\/41550","targetHints":{"allow":["GET"]}}],"collection":[{"href":"https:\/\/eldiariodesanpedro.com.ar\/sitio\/wp-json\/wp\/v2\/posts"}],"about":[{"href":"https:\/\/eldiariodesanpedro.com.ar\/sitio\/wp-json\/wp\/v2\/types\/post"}],"author":[{"embeddable":true,"href":"https:\/\/eldiariodesanpedro.com.ar\/sitio\/wp-json\/wp\/v2\/users\/4"}],"replies":[{"embeddable":true,"href":"https:\/\/eldiariodesanpedro.com.ar\/sitio\/wp-json\/wp\/v2\/comments?post=41550"}],"version-history":[{"count":1,"href":"https:\/\/eldiariodesanpedro.com.ar\/sitio\/wp-json\/wp\/v2\/posts\/41550\/revisions"}],"predecessor-version":[{"id":41554,"href":"https:\/\/eldiariodesanpedro.com.ar\/sitio\/wp-json\/wp\/v2\/posts\/41550\/revisions\/41554"}],"wp:featuredmedia":[{"embeddable":true,"href":"https:\/\/eldiariodesanpedro.com.ar\/sitio\/wp-json\/wp\/v2\/media\/41552"}],"wp:attachment":[{"href":"https:\/\/eldiariodesanpedro.com.ar\/sitio\/wp-json\/wp\/v2\/media?parent=41550"}],"wp:term":[{"taxonomy":"category","embeddable":true,"href":"https:\/\/eldiariodesanpedro.com.ar\/sitio\/wp-json\/wp\/v2\/categories?post=41550"},{"taxonomy":"post_tag","embeddable":true,"href":"https:\/\/eldiariodesanpedro.com.ar\/sitio\/wp-json\/wp\/v2\/tags?post=41550"}],"curies":[{"name":"wp","href":"https:\/\/api.w.org\/{rel}","templated":true}]}}