{"id":41546,"date":"2018-10-09T08:37:36","date_gmt":"2018-10-09T11:37:36","guid":{"rendered":"https:\/\/eldiariodesanpedro.com.ar\/sitio\/?p=41546"},"modified":"2018-10-09T08:37:36","modified_gmt":"2018-10-09T11:37:36","slug":"mis-cosas-robadas-las-tenia-mi-vecino","status":"publish","type":"post","link":"https:\/\/eldiariodesanpedro.com.ar\/sitio\/mis-cosas-robadas-las-tenia-mi-vecino\/","title":{"rendered":"\u00abMis cosas robadas las ten\u00eda mi vecino\u00bb"},"content":{"rendered":"<p><!-- VideographyWP Plugin Message: Automatic video embedding prevented by plugin options. --><br \/>\nEste fin de semana se conoci\u00f3 la noticia de que una familia al llegar a su vivienda ubicada en calle San Mart\u00edn al 1090, delincuentes ignorados hab\u00edan ingresado violentando la puerta trasera, logrando sustraer varios elementos de valor y adem\u00e1s, dejando la casa toda revuelta, hasta un televisor de 50&#8243; roto en el piso.<\/p>\n<p>Tras r\u00e1pido accionar del personal policial, a trav\u00e9s de una investigaci\u00f3n y testigos; en conjunto con personal del Gabinete criminol\u00f3gico y DDI local, diligenciaron una orden de allanamiento en calle San Mart\u00edn al 1000, donde residencia un sujeto que se halla detenido desde el s\u00e1bado.<\/p>\n<p>Destaquemos que el domicilio allanado es vecino de la familia asaltada, arrojando resultado positivo, logr\u00e1ndose el secuestro de un  tv de 32 pulgadas marca Sony, una parrilla de hierro, un cuchillo, un alargue, una botella de whisky. <\/p>\n<p>Respecto del detenido se le imputa el nuevo hecho de robo, continuando detenido en la sede policial.<\/p>\n<p><img decoding=\"async\" data-attachment-id=\"41547\" data-permalink=\"https:\/\/eldiariodesanpedro.com.ar\/sitio\/mis-cosas-robadas-las-tenia-mi-vecino\/whatsapp-image-2018-10-08-at-21-09-34\/\" data-orig-file=\"https:\/\/eldiariodesanpedro.com.ar\/sitio\/wp-content\/uploads\/2018\/10\/WhatsApp-Image-2018-10-08-at-21.09.34.jpeg\" data-orig-size=\"1280,960\" data-comments-opened=\"1\" data-image-meta=\"{&quot;aperture&quot;:&quot;0&quot;,&quot;credit&quot;:&quot;&quot;,&quot;camera&quot;:&quot;&quot;,&quot;caption&quot;:&quot;&quot;,&quot;created_timestamp&quot;:&quot;0&quot;,&quot;copyright&quot;:&quot;&quot;,&quot;focal_length&quot;:&quot;0&quot;,&quot;iso&quot;:&quot;0&quot;,&quot;shutter_speed&quot;:&quot;0&quot;,&quot;title&quot;:&quot;&quot;,&quot;orientation&quot;:&quot;0&quot;}\" data-image-title=\"WhatsApp Image 2018-10-08 at 21.09.34\" data-image-description=\"\" data-image-caption=\"\" data-large-file=\"https:\/\/eldiariodesanpedro.com.ar\/sitio\/wp-content\/uploads\/2018\/10\/WhatsApp-Image-2018-10-08-at-21.09.34-1024x768.jpeg\" data-src=\"https:\/\/eldiariodesanpedro.com.ar\/sitio\/wp-content\/uploads\/2018\/10\/WhatsApp-Image-2018-10-08-at-21.09.34-1024x768.jpeg\" alt=\"\" width=\"660\" height=\"495\" class=\"alignnone size-large wp-image-41547 lazyload\" data-srcset=\"https:\/\/eldiariodesanpedro.com.ar\/sitio\/wp-content\/uploads\/2018\/10\/WhatsApp-Image-2018-10-08-at-21.09.34-1024x768.jpeg 1024w, https:\/\/eldiariodesanpedro.com.ar\/sitio\/wp-content\/uploads\/2018\/10\/WhatsApp-Image-2018-10-08-at-21.09.34-300x225.jpeg 300w, https:\/\/eldiariodesanpedro.com.ar\/sitio\/wp-content\/uploads\/2018\/10\/WhatsApp-Image-2018-10-08-at-21.09.34-768x576.jpeg 768w, https:\/\/eldiariodesanpedro.com.ar\/sitio\/wp-content\/uploads\/2018\/10\/WhatsApp-Image-2018-10-08-at-21.09.34.jpeg 1280w\" data-sizes=\"(max-width: 660px) 100vw, 660px\" src=\"data:image\/svg+xml;base64,PHN2ZyB3aWR0aD0iMSIgaGVpZ2h0PSIxIiB4bWxucz0iaHR0cDovL3d3dy53My5vcmcvMjAwMC9zdmciPjwvc3ZnPg==\" style=\"--smush-placeholder-width: 660px; --smush-placeholder-aspect-ratio: 660\/495;\" \/><\/p>\n","protected":false},"excerpt":{"rendered":"<p>Este fin de semana se conoci\u00f3 la noticia de que una familia al llegar a su vivienda ubicada en calle San Mart\u00edn al 1090, delincuentes ignorados hab\u00edan ingresado violentando la puerta trasera, logrando sustraer varios elementos de valor y adem\u00e1s, dejando la casa toda revuelta, hasta un televisor de 50&#8243; roto en el piso. Tras [&hellip;]<\/p>\n","protected":false},"author":4,"featured_media":41547,"comment_status":"open","ping_status":"closed","sticky":false,"template":"","format":"standard","meta":{"om_disable_all_campaigns":false,"_jetpack_memberships_contains_paid_content":false,"footnotes":""},"categories":[50,2,103],"tags":[],"class_list":["post-41546","post","type-post","status-publish","format-standard","has-post-thumbnail","hentry","category-destacadas","category-locales","category-policiales-locales"],"aioseo_notices":[],"gutentor_comment":0,"jetpack_featured_media_url":"https:\/\/eldiariodesanpedro.com.ar\/sitio\/wp-content\/uploads\/2018\/10\/WhatsApp-Image-2018-10-08-at-21.09.34.jpeg","jetpack_shortlink":"https:\/\/wp.me\/p6RhLt-aO6","jetpack_sharing_enabled":true,"_links":{"self":[{"href":"https:\/\/eldiariodesanpedro.com.ar\/sitio\/wp-json\/wp\/v2\/posts\/41546","targetHints":{"allow":["GET"]}}],"collection":[{"href":"https:\/\/eldiariodesanpedro.com.ar\/sitio\/wp-json\/wp\/v2\/posts"}],"about":[{"href":"https:\/\/eldiariodesanpedro.com.ar\/sitio\/wp-json\/wp\/v2\/types\/post"}],"author":[{"embeddable":true,"href":"https:\/\/eldiariodesanpedro.com.ar\/sitio\/wp-json\/wp\/v2\/users\/4"}],"replies":[{"embeddable":true,"href":"https:\/\/eldiariodesanpedro.com.ar\/sitio\/wp-json\/wp\/v2\/comments?post=41546"}],"version-history":[{"count":1,"href":"https:\/\/eldiariodesanpedro.com.ar\/sitio\/wp-json\/wp\/v2\/posts\/41546\/revisions"}],"predecessor-version":[{"id":41549,"href":"https:\/\/eldiariodesanpedro.com.ar\/sitio\/wp-json\/wp\/v2\/posts\/41546\/revisions\/41549"}],"wp:featuredmedia":[{"embeddable":true,"href":"https:\/\/eldiariodesanpedro.com.ar\/sitio\/wp-json\/wp\/v2\/media\/41547"}],"wp:attachment":[{"href":"https:\/\/eldiariodesanpedro.com.ar\/sitio\/wp-json\/wp\/v2\/media?parent=41546"}],"wp:term":[{"taxonomy":"category","embeddable":true,"href":"https:\/\/eldiariodesanpedro.com.ar\/sitio\/wp-json\/wp\/v2\/categories?post=41546"},{"taxonomy":"post_tag","embeddable":true,"href":"https:\/\/eldiariodesanpedro.com.ar\/sitio\/wp-json\/wp\/v2\/tags?post=41546"}],"curies":[{"name":"wp","href":"https:\/\/api.w.org\/{rel}","templated":true}]}}