{"id":41535,"date":"2018-10-08T20:31:07","date_gmt":"2018-10-08T23:31:07","guid":{"rendered":"https:\/\/eldiariodesanpedro.com.ar\/sitio\/?p=41535"},"modified":"2018-10-08T20:31:07","modified_gmt":"2018-10-08T23:31:07","slug":"zarate-aspirante-de-prefectura-que-se-dirigia-a-zarate-choco-al-quedarse-dormido","status":"publish","type":"post","link":"https:\/\/eldiariodesanpedro.com.ar\/sitio\/zarate-aspirante-de-prefectura-que-se-dirigia-a-zarate-choco-al-quedarse-dormido\/","title":{"rendered":"Z\u00c1RATE: Aspirante de Prefectura que se dirig\u00eda a Z\u00e1rate choc\u00f3 al quedarse dormido"},"content":{"rendered":"<p><!-- VideographyWP Plugin Message: Automatic video embedding prevented by plugin options. --><br \/>\nUn joven de 23 a\u00f1os, que se dirig\u00eda en su motocicleta hacia la Escuela de Prefectura ubicada en la ciudad de Z\u00e1rate, se sali\u00f3 de carril y choc\u00f3 contra el guardarra\u00edl.<\/p>\n<p>  El mismo fue identificado como Jonathan Exequiel Centuri\u00f3n Issler y, al parecer, viajaba desde Misiones a Z\u00e1rate. Tras el choque fue trasladado r\u00e1pidamente al Hospital Centenario de Gualeguaych\u00fa, donde desde la Guardia se inform\u00f3 que \u201csufri\u00f3 fractura expuesta de f\u00e9mur, adem\u00e1s de varios politraumatismos y fracturas en miembros inferiores. El paciente est\u00e1 consciente y se le hicieron estudios de rutina. Permanece internado en la sala de Cuidados Intermedios\u201d.<\/p>\n<p>  El siniestro ocurri\u00f3 este domingo, pasado el mediod\u00eda en el km 6 de la Ruta Nacional 14. El herido conduc\u00eda una motocicleta Bajaj Rousser roja.<br \/>\n  Seg\u00fan se supo, cuando pudo declarar, el accidentado manifest\u00f3 haberse quedado dormido mientras conduc\u00eda por lo que perdi\u00f3 el control del rodado.<\/p>\n","protected":false},"excerpt":{"rendered":"<p>Un joven de 23 a\u00f1os, que se dirig\u00eda en su motocicleta hacia la Escuela de Prefectura ubicada en la ciudad de Z\u00e1rate, se sali\u00f3 de carril y choc\u00f3 contra el guardarra\u00edl. El mismo fue identificado como Jonathan Exequiel Centuri\u00f3n Issler y, al parecer, viajaba desde Misiones a Z\u00e1rate. Tras el choque fue trasladado r\u00e1pidamente al [&hellip;]<\/p>\n","protected":false},"author":4,"featured_media":41538,"comment_status":"open","ping_status":"closed","sticky":false,"template":"","format":"standard","meta":{"om_disable_all_campaigns":false,"_jetpack_memberships_contains_paid_content":false,"footnotes":""},"categories":[621],"tags":[],"class_list":["post-41535","post","type-post","status-publish","format-standard","has-post-thumbnail","hentry","category-regionales"],"aioseo_notices":[],"gutentor_comment":0,"jetpack_featured_media_url":"https:\/\/eldiariodesanpedro.com.ar\/sitio\/wp-content\/uploads\/2018\/10\/Aspirante-de-Prefectura-que-se-dirig\u00eda-a-Z\u00e1rate-choc\u00f3-al-quedarse-dormido.jpg","jetpack_shortlink":"https:\/\/wp.me\/p6RhLt-aNV","jetpack_sharing_enabled":true,"_links":{"self":[{"href":"https:\/\/eldiariodesanpedro.com.ar\/sitio\/wp-json\/wp\/v2\/posts\/41535","targetHints":{"allow":["GET"]}}],"collection":[{"href":"https:\/\/eldiariodesanpedro.com.ar\/sitio\/wp-json\/wp\/v2\/posts"}],"about":[{"href":"https:\/\/eldiariodesanpedro.com.ar\/sitio\/wp-json\/wp\/v2\/types\/post"}],"author":[{"embeddable":true,"href":"https:\/\/eldiariodesanpedro.com.ar\/sitio\/wp-json\/wp\/v2\/users\/4"}],"replies":[{"embeddable":true,"href":"https:\/\/eldiariodesanpedro.com.ar\/sitio\/wp-json\/wp\/v2\/comments?post=41535"}],"version-history":[{"count":1,"href":"https:\/\/eldiariodesanpedro.com.ar\/sitio\/wp-json\/wp\/v2\/posts\/41535\/revisions"}],"predecessor-version":[{"id":41539,"href":"https:\/\/eldiariodesanpedro.com.ar\/sitio\/wp-json\/wp\/v2\/posts\/41535\/revisions\/41539"}],"wp:featuredmedia":[{"embeddable":true,"href":"https:\/\/eldiariodesanpedro.com.ar\/sitio\/wp-json\/wp\/v2\/media\/41538"}],"wp:attachment":[{"href":"https:\/\/eldiariodesanpedro.com.ar\/sitio\/wp-json\/wp\/v2\/media?parent=41535"}],"wp:term":[{"taxonomy":"category","embeddable":true,"href":"https:\/\/eldiariodesanpedro.com.ar\/sitio\/wp-json\/wp\/v2\/categories?post=41535"},{"taxonomy":"post_tag","embeddable":true,"href":"https:\/\/eldiariodesanpedro.com.ar\/sitio\/wp-json\/wp\/v2\/tags?post=41535"}],"curies":[{"name":"wp","href":"https:\/\/api.w.org\/{rel}","templated":true}]}}