{"id":41534,"date":"2018-10-08T20:29:37","date_gmt":"2018-10-08T23:29:37","guid":{"rendered":"https:\/\/eldiariodesanpedro.com.ar\/sitio\/?p=41534"},"modified":"2018-10-08T20:29:37","modified_gmt":"2018-10-08T23:29:37","slug":"baradero-concejales-carisimos-el-debate-por-la-dieta-de-los-integrantes-del-honorable-concejo-deliberante","status":"publish","type":"post","link":"https:\/\/eldiariodesanpedro.com.ar\/sitio\/baradero-concejales-carisimos-el-debate-por-la-dieta-de-los-integrantes-del-honorable-concejo-deliberante\/","title":{"rendered":"BARADERO, Concejales car\u00edsimos: el debate por la \u201cdieta\u201d de los integrantes del Honorable Concejo Deliberante"},"content":{"rendered":"<p><!-- VideographyWP Plugin Message: Automatic video embedding prevented by plugin options. --><br \/>\nEn nuestra ciudad los sueldos est\u00e1n congelados tras el \u00faltimo acuerdo paritario municipal. Pero la cifra a percibir de los concejales locales ronda los $52.000. Lo cual, en 2019 cuando el acuerdo de los trabajadores municipales pase al b\u00e1sico, ser\u00e1 a\u00fan mayor.<\/p>\n<p>  En la ciudad de San Pedro pas\u00f3 algo similar y los legisladores percibir\u00e1n cerca de $96.000.<br \/>\nCuando consultamos a nuestros oyentes sobre estos importes, los vecinos comentaron:<br \/>\n  \u201cVergonzoso que los concejales cobren tanto dinero por no hacer nada de nada. En Baradero no hacen nada por la comunidad. Tendr\u00edamos que salir a la calle a exigir que no cobren tanto y trabajen m\u00e1s\u2026 somos argentinos. Tenemos lo que nos merecemos lamentablemente\u201d.<br \/>\n  \u201cEn vista de que no hay una preparaci\u00f3n acad\u00e9mica, sugiero que se abra la carrera \u201cPOL\u00cdTICO ARGENTINO\u201d para que muchos tengan la oportunidad de vivir de ella. Tal vez as\u00ed haya un poquito m\u00e1s de Justicia. \u00a1Ser pol\u00edtico es muy buen NEGOCIO!\u2026 \u00a1Qu\u00e9 verg\u00fcenza! Realmente la primera corrupci\u00f3n es la moral que tienen las personas que esgrimen trabajar para el pueblo, cuando el principal beneficio es para ellos mismos. Ante el dinero, la vocaci\u00f3n por la justicia social es una tonta utop\u00eda\u201d.<br \/>\n  \u201cQu\u00e9 verg\u00fcenza, si hicieran algo\u201d.<br \/>\n  \u201clos concejales son unos hijos de p\u2026 x eso se pelean por entrar, ponen a la mujer y al t\u00edo, a la abuela\u2026 tengo tanta rabia, yo gano la m\u00ednima\u201d.<br \/>\n  \u201cQue los concejales cobren esa plata no puede ser, yo tengo una jubilaci\u00f3n por invalidez y cobro $1700\u201d.<br \/>\n  Por su parte el m\u00f3vil de Tu Radio estuvo en la puerta del Banco Provincia consultando a los jubilados. Entre los casos sus jubilaciones no superan los $5.000.<br \/>\n  Uno de los concejales que respondi\u00f3 sobre el aumento fue Esteban Sanzio. El edil del FPV dijo en el magazine \u201cContacto Directo\u201d que \u201cel aumento est\u00e1 previsto por ley\u201d.<\/p>\n<p>Fuente: Tu L\u00ednea Directa<\/p>\n","protected":false},"excerpt":{"rendered":"<p>En nuestra ciudad los sueldos est\u00e1n congelados tras el \u00faltimo acuerdo paritario municipal. Pero la cifra a percibir de los concejales locales ronda los $52.000. Lo cual, en 2019 cuando el acuerdo de los trabajadores municipales pase al b\u00e1sico, ser\u00e1 a\u00fan mayor. En la ciudad de San Pedro pas\u00f3 algo similar y los legisladores percibir\u00e1n [&hellip;]<\/p>\n","protected":false},"author":4,"featured_media":41536,"comment_status":"open","ping_status":"closed","sticky":false,"template":"","format":"standard","meta":{"om_disable_all_campaigns":false,"_jetpack_memberships_contains_paid_content":false,"footnotes":""},"categories":[621],"tags":[],"class_list":["post-41534","post","type-post","status-publish","format-standard","has-post-thumbnail","hentry","category-regionales"],"aioseo_notices":[],"gutentor_comment":0,"jetpack_featured_media_url":"https:\/\/eldiariodesanpedro.com.ar\/sitio\/wp-content\/uploads\/2018\/10\/PAGINA-7.jpeg","jetpack_shortlink":"https:\/\/wp.me\/p6RhLt-aNU","jetpack_sharing_enabled":true,"_links":{"self":[{"href":"https:\/\/eldiariodesanpedro.com.ar\/sitio\/wp-json\/wp\/v2\/posts\/41534","targetHints":{"allow":["GET"]}}],"collection":[{"href":"https:\/\/eldiariodesanpedro.com.ar\/sitio\/wp-json\/wp\/v2\/posts"}],"about":[{"href":"https:\/\/eldiariodesanpedro.com.ar\/sitio\/wp-json\/wp\/v2\/types\/post"}],"author":[{"embeddable":true,"href":"https:\/\/eldiariodesanpedro.com.ar\/sitio\/wp-json\/wp\/v2\/users\/4"}],"replies":[{"embeddable":true,"href":"https:\/\/eldiariodesanpedro.com.ar\/sitio\/wp-json\/wp\/v2\/comments?post=41534"}],"version-history":[{"count":1,"href":"https:\/\/eldiariodesanpedro.com.ar\/sitio\/wp-json\/wp\/v2\/posts\/41534\/revisions"}],"predecessor-version":[{"id":41537,"href":"https:\/\/eldiariodesanpedro.com.ar\/sitio\/wp-json\/wp\/v2\/posts\/41534\/revisions\/41537"}],"wp:featuredmedia":[{"embeddable":true,"href":"https:\/\/eldiariodesanpedro.com.ar\/sitio\/wp-json\/wp\/v2\/media\/41536"}],"wp:attachment":[{"href":"https:\/\/eldiariodesanpedro.com.ar\/sitio\/wp-json\/wp\/v2\/media?parent=41534"}],"wp:term":[{"taxonomy":"category","embeddable":true,"href":"https:\/\/eldiariodesanpedro.com.ar\/sitio\/wp-json\/wp\/v2\/categories?post=41534"},{"taxonomy":"post_tag","embeddable":true,"href":"https:\/\/eldiariodesanpedro.com.ar\/sitio\/wp-json\/wp\/v2\/tags?post=41534"}],"curies":[{"name":"wp","href":"https:\/\/api.w.org\/{rel}","templated":true}]}}