{"id":41529,"date":"2018-10-08T20:21:47","date_gmt":"2018-10-08T23:21:47","guid":{"rendered":"https:\/\/eldiariodesanpedro.com.ar\/sitio\/?p=41529"},"modified":"2018-10-08T20:21:47","modified_gmt":"2018-10-08T23:21:47","slug":"ramallo-familiares-de-silvia-garcia-piden-perpetua-para-los-imputados","status":"publish","type":"post","link":"https:\/\/eldiariodesanpedro.com.ar\/sitio\/ramallo-familiares-de-silvia-garcia-piden-perpetua-para-los-imputados\/","title":{"rendered":"RAMALLO: Familiares de Silvia Garc\u00eda piden \u00abperpetua\u00bb para los imputados"},"content":{"rendered":"<p><!-- VideographyWP Plugin Message: Automatic video embedding prevented by plugin options. --><br \/>\nse recabaron las pruebas suficientes como para que Ram\u00f3n Ovejero y Mariel Zamora, los dos imputados por el asesinato de Silvia Garc\u00eda, reciban esa condena. El 12 de noviembre comenzar\u00e1 el juicio por jurados.<\/p>\n<p>  El 20 de noviembre se van a cumplir 3 a\u00f1os del asesinato de Silvia Garc\u00eda, la mujer de 40 a\u00f1os que apareci\u00f3 degollada en la c\u00e1mara de una verduler\u00eda de Ramallo. El proceso de investigaci\u00f3n lleg\u00f3 a su fin y el pr\u00f3ximo 12 de noviembre comenzar\u00e1 el juicio por homicidio agravado contra Ram\u00f3n Ovejero y Mariel Zamora, el matrimonio que era due\u00f1o del comercio donde trabajaba Silvia.<br \/>\n  Este viernes, su hermana Viviana habl\u00f3 en RADIO META. \u201cNosotros pedimos perpetua, el hecho as\u00ed lo amerita, nosotros vamos por eso y creemos que esta todo para que as\u00ed sea. Es una causa donde se recabaron todas las pruebas, fue una investigaci\u00f3n profunda que hace que esa sea la condena para los dos\u201d, indic\u00f3.<br \/>\n  La instancia judicial tendr\u00e1 la particularidad de ser un juicio por jurados, integrado por doce personas que deber\u00e1n resolver si los imputados son culpables o no; el monto de la condena lo pondr\u00e1 el juez. El proceso de investigaci\u00f3n llev\u00f3 casi tres a\u00f1os: \u201cLa magnitud de lo sucedido necesito de este tiempo y adem\u00e1s ellos tienen el derecho de apelar, todo hace que la causa se demore, de hecho, hubo un mont\u00f3n de delaciones por parte de ellos para que el juicio no se lleve a cabo, pero finalmente se logr\u00f3\u201d, asegur\u00f3 Viviana. Y respecto a las expectativas de que el juez acceda al pedido de la familia, agreg\u00f3: \u201cLas pruebas son muy contundentes, est\u00e1 todo investigado, muy minuciosamente, para que as\u00ed sea, fue un hecho aberrante, horroroso, morboso, incluso despu\u00e9s el comportamiento fue una cosa que no pensaba jam\u00e1s. Nosotros pedimos que la condena sea para los dos iguales, no pudo hacerlo una persona sola, fueron coautores necesarios en el hecho\u201d.<br \/>\n  Esa condena es la \u00fanica que les devolver\u00eda un poco de paz. \u201cEs el \u00fanico fallo que nos dejar\u00eda un poco tranquilos, justicia nunca va a haber porque a m\u00ed nunca me van a devolver a mi hermana, a sus hijas nunca le van a devolver a la madre, a mi mam\u00e1 nunca le van a devolver a su hija y a ella misma nadie le puede devolver la vida que ten\u00eda como derecho propio y que nadie ten\u00eda porque quit\u00e1rsela\u201d. <\/p>\n<p>Fuente: Metafm.com.ar<\/p>\n","protected":false},"excerpt":{"rendered":"<p>se recabaron las pruebas suficientes como para que Ram\u00f3n Ovejero y Mariel Zamora, los dos imputados por el asesinato de Silvia Garc\u00eda, reciban esa condena. El 12 de noviembre comenzar\u00e1 el juicio por jurados. El 20 de noviembre se van a cumplir 3 a\u00f1os del asesinato de Silvia Garc\u00eda, la mujer de 40 a\u00f1os que [&hellip;]<\/p>\n","protected":false},"author":4,"featured_media":41531,"comment_status":"open","ping_status":"closed","sticky":false,"template":"","format":"standard","meta":{"om_disable_all_campaigns":false,"_jetpack_memberships_contains_paid_content":false,"footnotes":""},"categories":[621],"tags":[],"class_list":["post-41529","post","type-post","status-publish","format-standard","has-post-thumbnail","hentry","category-regionales"],"aioseo_notices":[],"gutentor_comment":0,"jetpack_featured_media_url":"https:\/\/eldiariodesanpedro.com.ar\/sitio\/wp-content\/uploads\/2018\/10\/Silvia-Garcia.jpg","jetpack_shortlink":"https:\/\/wp.me\/p6RhLt-aNP","jetpack_sharing_enabled":true,"_links":{"self":[{"href":"https:\/\/eldiariodesanpedro.com.ar\/sitio\/wp-json\/wp\/v2\/posts\/41529","targetHints":{"allow":["GET"]}}],"collection":[{"href":"https:\/\/eldiariodesanpedro.com.ar\/sitio\/wp-json\/wp\/v2\/posts"}],"about":[{"href":"https:\/\/eldiariodesanpedro.com.ar\/sitio\/wp-json\/wp\/v2\/types\/post"}],"author":[{"embeddable":true,"href":"https:\/\/eldiariodesanpedro.com.ar\/sitio\/wp-json\/wp\/v2\/users\/4"}],"replies":[{"embeddable":true,"href":"https:\/\/eldiariodesanpedro.com.ar\/sitio\/wp-json\/wp\/v2\/comments?post=41529"}],"version-history":[{"count":1,"href":"https:\/\/eldiariodesanpedro.com.ar\/sitio\/wp-json\/wp\/v2\/posts\/41529\/revisions"}],"predecessor-version":[{"id":41533,"href":"https:\/\/eldiariodesanpedro.com.ar\/sitio\/wp-json\/wp\/v2\/posts\/41529\/revisions\/41533"}],"wp:featuredmedia":[{"embeddable":true,"href":"https:\/\/eldiariodesanpedro.com.ar\/sitio\/wp-json\/wp\/v2\/media\/41531"}],"wp:attachment":[{"href":"https:\/\/eldiariodesanpedro.com.ar\/sitio\/wp-json\/wp\/v2\/media?parent=41529"}],"wp:term":[{"taxonomy":"category","embeddable":true,"href":"https:\/\/eldiariodesanpedro.com.ar\/sitio\/wp-json\/wp\/v2\/categories?post=41529"},{"taxonomy":"post_tag","embeddable":true,"href":"https:\/\/eldiariodesanpedro.com.ar\/sitio\/wp-json\/wp\/v2\/tags?post=41529"}],"curies":[{"name":"wp","href":"https:\/\/api.w.org\/{rel}","templated":true}]}}