{"id":41528,"date":"2018-10-08T20:21:35","date_gmt":"2018-10-08T23:21:35","guid":{"rendered":"https:\/\/eldiariodesanpedro.com.ar\/sitio\/?p=41528"},"modified":"2018-10-08T20:21:35","modified_gmt":"2018-10-08T23:21:35","slug":"en-medio-del-paro-docente-vidal-ratifico-por-otro-decreto-los-adelantos-salariales-de-2018","status":"publish","type":"post","link":"https:\/\/eldiariodesanpedro.com.ar\/sitio\/en-medio-del-paro-docente-vidal-ratifico-por-otro-decreto-los-adelantos-salariales-de-2018\/","title":{"rendered":"En medio del paro docente, Vidal ratific\u00f3 por otro decreto los adelantos salariales de 2018"},"content":{"rendered":"<p><!-- VideographyWP Plugin Message: Automatic video embedding prevented by plugin options. --><br \/>\nLa Provincia volvi\u00f3 a publicar en el Bolet\u00edn Oficial todas las resoluciones a trav\u00e9s de las cuales dispuso de aumentos a cuenta de la paritaria a lo largo de este a\u00f1o. Este lunes los trabajadores iniciaron una huelga de 48 horas en todo el territorio bonaerense.<\/p>\n<p>  Para que quede claro, o como si se tratase de una \u201cmojada de oreja\u201d, la gobernadora Mar\u00eda Eugenia Vidal ratific\u00f3 todas las resoluciones a trav\u00e9s de las cuales dispuso adelantos a cuenta de la paritaria en lo que va del a\u00f1o.<br \/>\n  \u201cRatificar las Resoluciones Conjuntas de la Direcci\u00f3n General de Cultura y Educaci\u00f3n y del Ministerio de Econom\u00eda N\u00b0 3\/18, N\u00b0 6\/18, N\u00b0 11\/18, N\u00b0 14\/18, N\u00b0 16\/18 y N\u00b0 58\/18\u201d, reza la disposici\u00f3n publicada este lunes en el Bolet\u00edn Oficial.<br \/>\n  Y establece: \u201cdejar establecida la absorci\u00f3n autom\u00e1tica de los anticipos dispuestos por las Resoluciones Conjuntas de la Direcci\u00f3n General de Cultura y Educaci\u00f3n y del Ministerio de Econom\u00eda N\u00b0 3\/18, N\u00b0 6\/18, N\u00b0 11\/18, N\u00b0 14\/18, N\u00b0 16\/18 y N\u00b0 58\/18, en raz\u00f3n de la pol\u00edtica salarial estipulada por el presente\u201d, reza la disposici\u00f3n publicada en el Bolet\u00edn Oficial.<br \/>\n  En este contexto, el decreto expresa que la Provincia y los docentes mantuvieron sendos encuentros los d\u00edas 15, 22 y 28 de febrero, 21 de marzo, 4 y 20 de abril, 23 de julio y 23 de agosto, como asimismo, se han conformado mesas t\u00e9cnicas salariales los d\u00edas 30 de noviembre de 2017 y 9 de marzo de 2018, para alcanzar a un acuerdo, sin tener un resultado satisfactorio.<br \/>\n  \u201cQue la circunstancia rese\u00f1ada no impide tomar las medidas conducentes a mejorar el nivel de ingresos del personal docente de la Provincia, resultando necesario establecer sin mayor dilaci\u00f3n la pol\u00edtica salarial para dicho sector; Que es objetivo primordial de esta Administraci\u00f3n continuar avanzado en el reconocimiento de la labor encomiable que diariamente realizan nuestros docentes; Que el mentado objetivo no podr\u00e1 alcanzarse si se desconoce que es responsabilidad indelegable de este Poder Ejecutivo, en el marco de la negociaci\u00f3n paritaria, definir pautas salariales que sean pasibles de ser cumplidas y sostenidas en el tiempo, sin que ello vaya en desmedro del erario p\u00fablico provincial\u201d, a\u00f1ade el decreto firmado por la Gobernadora.<br \/>\n  No es casual que la mandataria decidiera publicar la resoluci\u00f3n que, llamativamente, tiene fecha del 28 de septiembre. Es que tal como public\u00f3 LaTecla.Info, los docentes iniciaron este lunes un paro por 48 horas en rechazo a la falta de acuerdo salarial y la imposici\u00f3n de un aumento por decreto.<br \/>\n  Si bien fue una pr\u00e1ctica com\u00fan que se llev\u00f3 adelante a lo largo del a\u00f1o, cada vez que hubo un aumento por resoluci\u00f3n, fue previamente anunciado por la Gobernadora.<br \/>\n  Esta vez, la medida los tom\u00f3 por sorpresa y los gremios temieron que la firma determinara el cierre de la paritaria por decreto. Si bien esta cuesti\u00f3n fue desestimada por el Ministerio de Trabajo, los sindicatos lo tomaron como una provocaci\u00f3n y convocaron a una huelga para este lunes y martes.<br \/>\n  Una vez que se dio a conocer la noticia, el gobierno bonaerense los convoc\u00f3 a negociar el pr\u00f3ximo jueves 11 de octubre.<\/p>\n<p><strong>Contundente comienzo del paro docente<\/strong><br \/>\n  Los gremios hablan de una adhesi\u00f3n del 90 por ciento.<br \/>\n  Este lunes y martes el Frente de Unidad Docente Bonaerense (FUDB) anunci\u00f3 un paro luego de que el gobierno de la provincia resolviera cerrar en un 19% el aumento. El an\u00e1lisis surge de un relevamiento de m\u00e1s de 130 distritos de la regi\u00f3n.<br \/>\n  Mientras que desde gobernaci\u00f3n estiman una adhesi\u00f3n del 43 por ciento, los sindicatos que conforman el Frente de Unidad Docente Bonaerense (FUDB) que convoc\u00f3 a un paro de 48hs desde este lunes, estiman un apoyo al paro del 90% en todo el territorio.<br \/>\n  Los datos surgen de un relevamiento realizado por los Delegados de Escuela de la FEB en m\u00e1s de 130 distritos de todo el territorio bonaerense.<br \/>\n  Este lunes 8 y martes 9, el Frente de Unidad Docente anunci\u00f3 una nueva jornada de protesta luego de que \u2013seg\u00fan los principales gremios docentes- la gobernadora Mar\u00eda Eugenia Vidal decidiera cerrar por decreto la paritaria en un 19%, e incluso se hablara de la posibilidad de recuperar los d\u00edas de clases hasta los \u00faltimos d\u00edas de diciembre.<br \/>\n  Por eso, esta ma\u00f1ana se concret\u00f3 una gran marcha hacia la Casa del gobierno de la Provincia, en Capital Federal, con las consignas de \u201cmejores salarios\u201d, \u201cmayor presupuesto\u201d para Educaci\u00f3n y \u201cseguridad\u201d, a ra\u00edz de los hechos ocurridos en Moreno.<br \/>\n  Al respecto, el ministro de Trabajo, Marcelo Villegas, neg\u00f3 enf\u00e1ticamente que la mandataria haya cerrado \u201cpor decreto\u201d la paritaria y anunci\u00f3 que habr\u00e1 reuniones con estatales y docentes a lo largo de estos d\u00edas. Por ahora, sin fecha.<br \/>\n  Con el 19% de aumento, los gremios consideran que perder\u00e1n cerca de 25 puntos frente a la inflaci\u00f3n final de este a\u00f1o, que rondar\u00e1 entre 45 y 50%.<\/p>\n<p>Fuente: Enlace Cr\u00edtico<\/p>\n","protected":false},"excerpt":{"rendered":"<p>La Provincia volvi\u00f3 a publicar en el Bolet\u00edn Oficial todas las resoluciones a trav\u00e9s de las cuales dispuso de aumentos a cuenta de la paritaria a lo largo de este a\u00f1o. Este lunes los trabajadores iniciaron una huelga de 48 horas en todo el territorio bonaerense. Para que quede claro, o como si se tratase [&hellip;]<\/p>\n","protected":false},"author":4,"featured_media":41530,"comment_status":"open","ping_status":"closed","sticky":false,"template":"","format":"standard","meta":{"om_disable_all_campaigns":false,"_jetpack_memberships_contains_paid_content":false,"footnotes":""},"categories":[621],"tags":[],"class_list":["post-41528","post","type-post","status-publish","format-standard","has-post-thumbnail","hentry","category-regionales"],"aioseo_notices":[],"gutentor_comment":0,"jetpack_featured_media_url":"https:\/\/eldiariodesanpedro.com.ar\/sitio\/wp-content\/uploads\/2018\/10\/PAGINA-6-2.jpg","jetpack_shortlink":"https:\/\/wp.me\/p6RhLt-aNO","jetpack_sharing_enabled":true,"_links":{"self":[{"href":"https:\/\/eldiariodesanpedro.com.ar\/sitio\/wp-json\/wp\/v2\/posts\/41528","targetHints":{"allow":["GET"]}}],"collection":[{"href":"https:\/\/eldiariodesanpedro.com.ar\/sitio\/wp-json\/wp\/v2\/posts"}],"about":[{"href":"https:\/\/eldiariodesanpedro.com.ar\/sitio\/wp-json\/wp\/v2\/types\/post"}],"author":[{"embeddable":true,"href":"https:\/\/eldiariodesanpedro.com.ar\/sitio\/wp-json\/wp\/v2\/users\/4"}],"replies":[{"embeddable":true,"href":"https:\/\/eldiariodesanpedro.com.ar\/sitio\/wp-json\/wp\/v2\/comments?post=41528"}],"version-history":[{"count":1,"href":"https:\/\/eldiariodesanpedro.com.ar\/sitio\/wp-json\/wp\/v2\/posts\/41528\/revisions"}],"predecessor-version":[{"id":41532,"href":"https:\/\/eldiariodesanpedro.com.ar\/sitio\/wp-json\/wp\/v2\/posts\/41528\/revisions\/41532"}],"wp:featuredmedia":[{"embeddable":true,"href":"https:\/\/eldiariodesanpedro.com.ar\/sitio\/wp-json\/wp\/v2\/media\/41530"}],"wp:attachment":[{"href":"https:\/\/eldiariodesanpedro.com.ar\/sitio\/wp-json\/wp\/v2\/media?parent=41528"}],"wp:term":[{"taxonomy":"category","embeddable":true,"href":"https:\/\/eldiariodesanpedro.com.ar\/sitio\/wp-json\/wp\/v2\/categories?post=41528"},{"taxonomy":"post_tag","embeddable":true,"href":"https:\/\/eldiariodesanpedro.com.ar\/sitio\/wp-json\/wp\/v2\/tags?post=41528"}],"curies":[{"name":"wp","href":"https:\/\/api.w.org\/{rel}","templated":true}]}}