{"id":41504,"date":"2018-10-08T10:40:40","date_gmt":"2018-10-08T13:40:40","guid":{"rendered":"https:\/\/eldiariodesanpedro.com.ar\/sitio\/?p=41504"},"modified":"2018-10-08T10:40:40","modified_gmt":"2018-10-08T13:40:40","slug":"festival-de-danzas-y-musica-en-santa-lucia","status":"publish","type":"post","link":"https:\/\/eldiariodesanpedro.com.ar\/sitio\/festival-de-danzas-y-musica-en-santa-lucia\/","title":{"rendered":"Festival de Danzas y M\u00fasica en Santa Luc\u00eda"},"content":{"rendered":"<p><!-- VideographyWP Plugin Message: Automatic video embedding prevented by plugin options. --><br \/>\nEl pr\u00f3ximo viernes 12 de Octubre desde las 18 en O&#8217;Farrel Esquina Dr. Doyle de Santa Luc\u00eda, la localidad volver\u00e1 a recibir al Festival Internacional \u00abEl Mundo Danza a Orillas del Paran\u00e1 con la participaci\u00f3n de delegados de diferentes puntos de Latinoam\u00e9rica y el Mundo. El encuentro que comenz\u00f3 el a\u00f1o pasado es organizado por el Ballet Folkl\u00f3rico Coraz\u00f3n de Mi Pa\u00eds, con el acompa\u00f1amiento de la Delegaci\u00f3n Municipal de Santa Luc\u00eda y la Municipalidad de San Pedro.<\/p>\n<p>En la presentaci\u00f3n organizada en la Direcci\u00f3n de Turismo, Luis Caram\u00fan delegado de la localidad y representantes del grupo de baile adelantaron detalles de esta gran fiesta con entrada libre y gratuita.<\/p>\n<p>Ser\u00e1n parte de la programaci\u00f3n ballets de Entre R\u00edos, Mendoza, Jujuy, R\u00edo Negro, Santa Fe y Tucum\u00e1n entre otras provincias adem\u00e1s de delegaciones de Colombia, M\u00e9xico, Per\u00fa, Bolivia, Paraguay, El Salvador, Brasil y hasta Rusia.<\/p>\n<p>Se anunci\u00f3 adem\u00e1s para darle mayor esplendor a la noche, un paseo de Artesanos, Teatro en Vivo y un servicio especial de cantina.<\/p>\n","protected":false},"excerpt":{"rendered":"<p>El pr\u00f3ximo viernes 12 de Octubre desde las 18 en O&#8217;Farrel Esquina Dr. Doyle de Santa Luc\u00eda, la localidad volver\u00e1 a recibir al Festival Internacional \u00abEl Mundo Danza a Orillas del Paran\u00e1 con la participaci\u00f3n de delegados de diferentes puntos de Latinoam\u00e9rica y el Mundo. El encuentro que comenz\u00f3 el a\u00f1o pasado es organizado por [&hellip;]<\/p>\n","protected":false},"author":4,"featured_media":41505,"comment_status":"open","ping_status":"closed","sticky":false,"template":"","format":"standard","meta":{"om_disable_all_campaigns":false,"_jetpack_memberships_contains_paid_content":false,"footnotes":""},"categories":[101,2],"tags":[],"class_list":["post-41504","post","type-post","status-publish","format-standard","has-post-thumbnail","hentry","category-interes-general-locales","category-locales"],"aioseo_notices":[],"gutentor_comment":0,"jetpack_featured_media_url":"https:\/\/eldiariodesanpedro.com.ar\/sitio\/wp-content\/uploads\/2018\/10\/pastedImage-2.png","jetpack_shortlink":"https:\/\/wp.me\/p6RhLt-aNq","jetpack_sharing_enabled":true,"_links":{"self":[{"href":"https:\/\/eldiariodesanpedro.com.ar\/sitio\/wp-json\/wp\/v2\/posts\/41504","targetHints":{"allow":["GET"]}}],"collection":[{"href":"https:\/\/eldiariodesanpedro.com.ar\/sitio\/wp-json\/wp\/v2\/posts"}],"about":[{"href":"https:\/\/eldiariodesanpedro.com.ar\/sitio\/wp-json\/wp\/v2\/types\/post"}],"author":[{"embeddable":true,"href":"https:\/\/eldiariodesanpedro.com.ar\/sitio\/wp-json\/wp\/v2\/users\/4"}],"replies":[{"embeddable":true,"href":"https:\/\/eldiariodesanpedro.com.ar\/sitio\/wp-json\/wp\/v2\/comments?post=41504"}],"version-history":[{"count":1,"href":"https:\/\/eldiariodesanpedro.com.ar\/sitio\/wp-json\/wp\/v2\/posts\/41504\/revisions"}],"predecessor-version":[{"id":41506,"href":"https:\/\/eldiariodesanpedro.com.ar\/sitio\/wp-json\/wp\/v2\/posts\/41504\/revisions\/41506"}],"wp:featuredmedia":[{"embeddable":true,"href":"https:\/\/eldiariodesanpedro.com.ar\/sitio\/wp-json\/wp\/v2\/media\/41505"}],"wp:attachment":[{"href":"https:\/\/eldiariodesanpedro.com.ar\/sitio\/wp-json\/wp\/v2\/media?parent=41504"}],"wp:term":[{"taxonomy":"category","embeddable":true,"href":"https:\/\/eldiariodesanpedro.com.ar\/sitio\/wp-json\/wp\/v2\/categories?post=41504"},{"taxonomy":"post_tag","embeddable":true,"href":"https:\/\/eldiariodesanpedro.com.ar\/sitio\/wp-json\/wp\/v2\/tags?post=41504"}],"curies":[{"name":"wp","href":"https:\/\/api.w.org\/{rel}","templated":true}]}}