{"id":41501,"date":"2018-10-08T10:15:26","date_gmt":"2018-10-08T13:15:26","guid":{"rendered":"https:\/\/eldiariodesanpedro.com.ar\/sitio\/?p=41501"},"modified":"2018-10-08T10:15:26","modified_gmt":"2018-10-08T13:15:26","slug":"ccti-los-senores-concejales-han-aprobado-un-aumento-en-las-dietas-que-perciben-a-un-valor-que-juzgamos-indecoroso","status":"publish","type":"post","link":"https:\/\/eldiariodesanpedro.com.ar\/sitio\/ccti-los-senores-concejales-han-aprobado-un-aumento-en-las-dietas-que-perciben-a-un-valor-que-juzgamos-indecoroso\/","title":{"rendered":"CCTI: \u00abLos se\u00f1ores Concejales han aprobado un aumento en las Dietas que perciben, a un valor que juzgamos indecoroso\u00bb"},"content":{"rendered":"<p><!-- VideographyWP Plugin Message: Automatic video embedding prevented by plugin options. --><br \/>\nDesde la comisi\u00f3n del Centro de Comercio, Turismo e Industria se emiti\u00f3 un comunicado dirigido a los habitantes de nuestra ciudad pero especialmente a los actuales concejales teniendo en cuenta lo ocurrido con la aprobaci\u00f3n del presupuesto 2019 y el aumento de sus dietas.<\/p>\n<p>\u00abEstamos en 2018.  Hace precisamente, noventa a\u00f1os, nuestra Argentina era una Rep\u00fablica con notables aptitudes, tantas, que revistaba como la sexta potencia del mundo. Llegados a la d\u00e9cada de 1940 casi no ten\u00edamos analfabetos y la poblaci\u00f3n universitaria era de las m\u00e1s altas del mundo. Ocupaba el sexto lugar en la escala de ingreso real per c\u00e1pita y el tercero en la de productividad, siempre a nivel mundial.  <\/p>\n<p>Cabe preguntarnos qu\u00e9 ha ocurrido, para que involucion\u00e1ramos de tal modo que en 2018, nos estemos debatiendo en una situaci\u00f3n dif\u00edcil y comprometida\u2026 Quiz\u00e1s una respuesta en parte cierta, debamos buscarla en el nivel de nuestra dirigencia, puesto que un pa\u00eds, resulta similar a un barco: navega y llega a puerto seguro, cuando es bien conducido, con sapiencia, con disciplina, con apego a las disposiciones de la buena navegaci\u00f3n.  <\/p>\n<p>Y nuestro San Pedro, se inscribe en ese conjunto del pa\u00eds: no es capaz de sufragar el costo anual de sus necesidades, visto el nivel elevad\u00edsimo de los gastos. Surge a priori, la duda sobre la verdadera capacidad de quienes administran y conducen los intereses de la Comunidad, como para llevarla a buen puerto.   <\/p>\n<p>No ponemos en duda la utilidad primera de las instituciones democr\u00e1ticas, que proveen a la organizaci\u00f3n y conducci\u00f3n pol\u00edtica. Pero surge de inmediato, la necesidad que las personas encargadas de esa organizaci\u00f3n y conducci\u00f3n, se encuentren debidamente capacitadas, imbuidas de principios honorables que provean a los buenos prop\u00f3sitos. Es por estos motivos que el desempe\u00f1o de funciones p\u00fablicas electivas, supone la participaci\u00f3n de ciudadanos responsables, honestamente preocupados por el logro del progreso de la comunidad, la buena administraci\u00f3n de los recursos y el cabal desempe\u00f1o de sus funciones.  <\/p>\n<p>Con verdadero estupor, asistimos a las novedades suscitadas en torno al nivel de las Dietas pretendidas por los integrantes del Honorable Concejo Deliberante. Ciertas versiones hasta mencionan presuntos errores o equivocaciones, que habr\u00edan llevado a la liquidaci\u00f3n err\u00f3nea de los haberes compensatorios para los cargos electivos a nivel municipal. <\/p>\n<p>Los se\u00f1ores Concejales han aprobado un Presupuesto del Concejo para 2019, que eleva las Dietas que perciben, a un valor que juzgamos indecoroso, vista la realidad econ\u00f3mico social que padecemos. Esta situaci\u00f3n, nos lleva a manifestar nuestra preocupaci\u00f3n a la opini\u00f3n p\u00fablica sampedrina, puesto que el costo de los Servidores P\u00fablicos, es solventado con el pago de Impuestos, Tasas y Contribuciones, rayanas en una verdadera exageraci\u00f3n de la presi\u00f3n impositiva instrumentada por el Estado. <\/p>\n<p>Como Centro de Comercio, Industria y Turismo de San Pedro, agrupamos a quienes con su trabajo empresarial \u2013 junto a los dem\u00e1s contribuyentes de la  Comunidad &#8211; proveen los recursos necesarios para el desenvolvimiento del Estado. Y lejos de considerarnos due\u00f1os de la verdad, s\u00ed nos sentimos capacitados para elevar nuestro reclamo de toma de conciencia, encaminados al logro del bien com\u00fan y el progreso de nuestro San Pedro.<\/p>\n<p>Resulta obvio considerar la importancia de proveer a la adecuada compensaci\u00f3n a los se\u00f1ores Concejales, previendo el deterioro que pudieran experimentar en sus actividades particulares. Pero la misma, debe encuadrarse en la realidad econ\u00f3mico social de San Pedro, efecto de la crisis que agobia al pa\u00eds. La Dieta no configura un medio para hacer fortuna, sino una compensaci\u00f3n y cuando asume el valor al cual aspiran los se\u00f1ores Concejales, pasa a ser una carga gravosa para el bolsillo de los contribuyentes. <\/p>\n<p>Si examinamos la historia sampedrina, advertiremos que en el pasado, fueron Concejales los principales ciudadanos: ellos brindaron sus mejores saberes para planificar un futuro mejor, que aportase a la prosperidad de los habitantes.  Esa dedicaci\u00f3n dio frutos notables y sabemos que no ten\u00eda un alto precio, sino un gran sentido de responsabilidad y patriotismo, configurando un honor para quien ejerc\u00eda funciones p\u00fablicas. <\/p>\n<p>El Decreto Ley N\u00ba 6769\/58, Ley Org\u00e1nica de las Municipalidades de la Provincia de Buenos Aires establece en su Art. 92, en relaci\u00f3n con las Dietas de los Concejales, un m\u00ednimo y un m\u00e1ximo, pero no proh\u00edbe la renuncia del Concejal a su Dieta. <\/p>\n<p>Tal como hemos manifestado, precisamente, la Dieta de un Concejal fue instituida como una indemnizaci\u00f3n al mismo, compens\u00e1ndole eventuales p\u00e9rdidas personales originadas en el desempe\u00f1o de funciones p\u00fablicas. Por el conocimiento individual de los actores, dudamos que tales p\u00e9rdidas en sus ingresos por su trabajo personal, lleguen a la magnitud de las cifras que pretenden cobrarnos. <\/p>\n<p>La calidad de Servidor P\u00fablico que implica el ejercicio de las funciones electivas conferidas por el voto popular, no habilitan que se \u201cSirvan del P\u00fablico\u201d auto asign\u00e1ndose importantes retribuciones, cuya demas\u00eda motiva al ciudadano com\u00fan a medir las mismas con la aptitud dudosa de quienes se benefician de ellas.  <\/p>\n<p>Un dicho popular muy conocido expresa: \u201cEl que calla, otorga\u201d. Una vez m\u00e1s, nuestro Centro de Comercio alerta a la Comunidad sobre las inminentes decisiones de la Municipalidad, que nos afectar\u00e1n en lo individual y lo colectivo.  <\/p>\n<p>En los d\u00edas por venir, el Honorable Concejo tratar\u00e1 la Ordenanza Fiscal para el a\u00f1o 2019. Como anticipo de la misma, el nuevo Secretario de Econom\u00eda y Hacienda Dr. Fabi\u00e1n Rodr\u00edguez, anunci\u00f3 el aumento de las Tasas y Grav\u00e1menes municipales, los que ya fueron incrementados a niveles gravosos desde el inicio de la administraci\u00f3n actual. Anhelamos que su tratamiento responsable, est\u00e9 basado en la econom\u00eda de recursos, la baja de la  insoportable presi\u00f3n impositiva y no su incremento, la ampliaci\u00f3n de la base tributaria y la sana administraci\u00f3n de los bienes de la comunidad, de la cual, los  funcionarios p\u00fablicos son meros y circunstanciales administradores.<\/p>\n<p>Obviamente, el incremento de las Dietas que pretenden los se\u00f1ores Concejales, se inscribe en el conjunto preocupante por resolver.  Surge aqu\u00ed tambi\u00e9n un llamado a la responsabilidad de quienes integran la denominada Asamblea de Mayores Contribuyentes: son nuestros convecinos que no perciben dietas ni retribuciones y que voluntariamente, asumen el compromiso de autorizar o no las decisiones de las autoridades pol\u00edticas del Municipio. <\/p>\n<p>Confiamos en su criterio, para no continuar convalidando aumentos gravosos e insostenibles para la poblaci\u00f3n.  Quienes lograron que Argentina fuese la sexta potencia del mundo, hab\u00edan comprendido su responsabilidad y ejercieron sus funciones con sabidur\u00eda, prudencia y visi\u00f3n de futuro. Por ello, honestamente, creemos que el Concejo necesita de buenos Consejos, para que, en un acto reivindicatorio de la m\u00e1s expl\u00edcita responsabilidad democr\u00e1tica, revea sus decisiones equivocadas y por dem\u00e1s de extempor\u00e1neas, vista la situaci\u00f3n de crisis terminal que azota al pa\u00eds.   <\/p>\n<p>Estamos atentos: la sana administraci\u00f3n p\u00fablica requiere de los gobernantes la prudencia necesaria para no agobiar al contribuyente, austeridad para moderar el gasto y equilibrarlo con los recursos disponibles. <\/p>\n<p>Nuestro Consejo al Concejo: tomen ejemplo de quienes los precedieron en tan importantes funciones y act\u00faen en consecuencia\u00bb. <\/p>\n","protected":false},"excerpt":{"rendered":"<p>Desde la comisi\u00f3n del Centro de Comercio, Turismo e Industria se emiti\u00f3 un comunicado dirigido a los habitantes de nuestra ciudad pero especialmente a los actuales concejales teniendo en cuenta lo ocurrido con la aprobaci\u00f3n del presupuesto 2019 y el aumento de sus dietas. \u00abEstamos en 2018. Hace precisamente, noventa a\u00f1os, nuestra Argentina era una [&hellip;]<\/p>\n","protected":false},"author":4,"featured_media":32119,"comment_status":"open","ping_status":"closed","sticky":false,"template":"","format":"standard","meta":{"om_disable_all_campaigns":false,"_jetpack_memberships_contains_paid_content":false,"footnotes":""},"categories":[101,2],"tags":[],"class_list":["post-41501","post","type-post","status-publish","format-standard","has-post-thumbnail","hentry","category-interes-general-locales","category-locales"],"aioseo_notices":[],"gutentor_comment":0,"jetpack_featured_media_url":"https:\/\/eldiariodesanpedro.com.ar\/sitio\/wp-content\/uploads\/2018\/04\/centro-de-comercio-e-industria-san-pedro.jpg","jetpack_shortlink":"https:\/\/wp.me\/p6RhLt-aNn","jetpack_sharing_enabled":true,"_links":{"self":[{"href":"https:\/\/eldiariodesanpedro.com.ar\/sitio\/wp-json\/wp\/v2\/posts\/41501","targetHints":{"allow":["GET"]}}],"collection":[{"href":"https:\/\/eldiariodesanpedro.com.ar\/sitio\/wp-json\/wp\/v2\/posts"}],"about":[{"href":"https:\/\/eldiariodesanpedro.com.ar\/sitio\/wp-json\/wp\/v2\/types\/post"}],"author":[{"embeddable":true,"href":"https:\/\/eldiariodesanpedro.com.ar\/sitio\/wp-json\/wp\/v2\/users\/4"}],"replies":[{"embeddable":true,"href":"https:\/\/eldiariodesanpedro.com.ar\/sitio\/wp-json\/wp\/v2\/comments?post=41501"}],"version-history":[{"count":1,"href":"https:\/\/eldiariodesanpedro.com.ar\/sitio\/wp-json\/wp\/v2\/posts\/41501\/revisions"}],"predecessor-version":[{"id":41502,"href":"https:\/\/eldiariodesanpedro.com.ar\/sitio\/wp-json\/wp\/v2\/posts\/41501\/revisions\/41502"}],"wp:featuredmedia":[{"embeddable":true,"href":"https:\/\/eldiariodesanpedro.com.ar\/sitio\/wp-json\/wp\/v2\/media\/32119"}],"wp:attachment":[{"href":"https:\/\/eldiariodesanpedro.com.ar\/sitio\/wp-json\/wp\/v2\/media?parent=41501"}],"wp:term":[{"taxonomy":"category","embeddable":true,"href":"https:\/\/eldiariodesanpedro.com.ar\/sitio\/wp-json\/wp\/v2\/categories?post=41501"},{"taxonomy":"post_tag","embeddable":true,"href":"https:\/\/eldiariodesanpedro.com.ar\/sitio\/wp-json\/wp\/v2\/tags?post=41501"}],"curies":[{"name":"wp","href":"https:\/\/api.w.org\/{rel}","templated":true}]}}