{"id":41495,"date":"2018-10-08T09:58:19","date_gmt":"2018-10-08T12:58:19","guid":{"rendered":"https:\/\/eldiariodesanpedro.com.ar\/sitio\/?p=41495"},"modified":"2018-10-08T09:58:19","modified_gmt":"2018-10-08T12:58:19","slug":"el-museo-paleontologico-en-san-antonio-de-areco","status":"publish","type":"post","link":"https:\/\/eldiariodesanpedro.com.ar\/sitio\/el-museo-paleontologico-en-san-antonio-de-areco\/","title":{"rendered":"El Museo Paleontol\u00f3gico en San Antonio de Areco"},"content":{"rendered":"<p><!-- VideographyWP Plugin Message: Automatic video embedding prevented by plugin options. --><br \/>\nIntegrantes del Grupo Conservacionista de F\u00f3siles participaron del \u00abPrimer Encuentro de Archivos Hist\u00f3ricos y Museos Municipales\u00bb, que se realiz\u00f3 en el Archivo Hist\u00f3rico de San Antonio de Areco. <\/p>\n<p>Jos\u00e9 Luis Aguilar y David Tettamanti expusieron la experiencia del grupo sampedrino en la digitalizaci\u00f3n y difusi\u00f3n de m\u00e1s de 700 documentos hist\u00f3ricos analizados en diferentes archivos y museos de la zona y la recopilaci\u00f3n de m\u00e1s de 2.000 fotograf\u00edas antiguas de diferentes temas.. La interacci\u00f3n con diferentes responsables del patrimonio hist\u00f3rico de numerosas instituciones, la investigaci\u00f3n de la batalla de Obligado y el aporte de nuevos datos a la historia de San Pedro, a trav\u00e9s de los documentos analizados, fueron los ejes de la disertaci\u00f3n. <\/p>\n<p>El encuentro estuvo organizado por el Archivo Hist\u00f3rico de S. A. de Areco y fue auspiciado por la Direcci\u00f3n de Cultura de dicho Municipio y la Universidad de esa localidad.<\/p>\n<p>Otra oportunidad en la que el equipo del Museo Paleontol\u00f3gico de San Pedro participa como referente en el resguardo y la difusi\u00f3n del patrimonio cultural de nuestra zona.<\/p>\n","protected":false},"excerpt":{"rendered":"<p>Integrantes del Grupo Conservacionista de F\u00f3siles participaron del \u00abPrimer Encuentro de Archivos Hist\u00f3ricos y Museos Municipales\u00bb, que se realiz\u00f3 en el Archivo Hist\u00f3rico de San Antonio de Areco. Jos\u00e9 Luis Aguilar y David Tettamanti expusieron la experiencia del grupo sampedrino en la digitalizaci\u00f3n y difusi\u00f3n de m\u00e1s de 700 documentos hist\u00f3ricos analizados en diferentes archivos [&hellip;]<\/p>\n","protected":false},"author":4,"featured_media":41496,"comment_status":"open","ping_status":"closed","sticky":false,"template":"","format":"standard","meta":{"om_disable_all_campaigns":false,"_jetpack_memberships_contains_paid_content":false,"footnotes":""},"categories":[101,2],"tags":[],"class_list":["post-41495","post","type-post","status-publish","format-standard","has-post-thumbnail","hentry","category-interes-general-locales","category-locales"],"aioseo_notices":[],"gutentor_comment":0,"jetpack_featured_media_url":"https:\/\/eldiariodesanpedro.com.ar\/sitio\/wp-content\/uploads\/2018\/10\/43433415_2223807227948365_5881981089378992128_n.jpg","jetpack_shortlink":"https:\/\/wp.me\/p6RhLt-aNh","jetpack_sharing_enabled":true,"_links":{"self":[{"href":"https:\/\/eldiariodesanpedro.com.ar\/sitio\/wp-json\/wp\/v2\/posts\/41495","targetHints":{"allow":["GET"]}}],"collection":[{"href":"https:\/\/eldiariodesanpedro.com.ar\/sitio\/wp-json\/wp\/v2\/posts"}],"about":[{"href":"https:\/\/eldiariodesanpedro.com.ar\/sitio\/wp-json\/wp\/v2\/types\/post"}],"author":[{"embeddable":true,"href":"https:\/\/eldiariodesanpedro.com.ar\/sitio\/wp-json\/wp\/v2\/users\/4"}],"replies":[{"embeddable":true,"href":"https:\/\/eldiariodesanpedro.com.ar\/sitio\/wp-json\/wp\/v2\/comments?post=41495"}],"version-history":[{"count":1,"href":"https:\/\/eldiariodesanpedro.com.ar\/sitio\/wp-json\/wp\/v2\/posts\/41495\/revisions"}],"predecessor-version":[{"id":41497,"href":"https:\/\/eldiariodesanpedro.com.ar\/sitio\/wp-json\/wp\/v2\/posts\/41495\/revisions\/41497"}],"wp:featuredmedia":[{"embeddable":true,"href":"https:\/\/eldiariodesanpedro.com.ar\/sitio\/wp-json\/wp\/v2\/media\/41496"}],"wp:attachment":[{"href":"https:\/\/eldiariodesanpedro.com.ar\/sitio\/wp-json\/wp\/v2\/media?parent=41495"}],"wp:term":[{"taxonomy":"category","embeddable":true,"href":"https:\/\/eldiariodesanpedro.com.ar\/sitio\/wp-json\/wp\/v2\/categories?post=41495"},{"taxonomy":"post_tag","embeddable":true,"href":"https:\/\/eldiariodesanpedro.com.ar\/sitio\/wp-json\/wp\/v2\/tags?post=41495"}],"curies":[{"name":"wp","href":"https:\/\/api.w.org\/{rel}","templated":true}]}}