{"id":41491,"date":"2018-10-08T09:30:01","date_gmt":"2018-10-08T12:30:01","guid":{"rendered":"https:\/\/eldiariodesanpedro.com.ar\/sitio\/?p=41491"},"modified":"2018-10-08T09:30:01","modified_gmt":"2018-10-08T12:30:01","slug":"rompieron-la-vidriera-de-una-financiera","status":"publish","type":"post","link":"https:\/\/eldiariodesanpedro.com.ar\/sitio\/rompieron-la-vidriera-de-una-financiera\/","title":{"rendered":"Rompieron la vidriera de una financiera"},"content":{"rendered":"<p><!-- VideographyWP Plugin Message: Automatic video embedding prevented by plugin options. --><br \/>\nLa empleada de la Financiera constat\u00f3 el da\u00f1o al llegar al lugar y radic\u00f3 su denuncia en la Dependencia Local.<\/p>\n<p>El hecho sucedi\u00f3 este sabado, cuando la denunciante constata que en la Financiera, ubicada en Pellegrini al 900, donde trabaja, estaban las vidrieras rotas, pero nadie hab\u00eda ingresado, solo provocaron da\u00f1os.<\/p>\n<p>Interviene la Fiscal\u00eda N\u00ba11 a cargo de la Dr Ramos.<\/p>\n","protected":false},"excerpt":{"rendered":"<p>La empleada de la Financiera constat\u00f3 el da\u00f1o al llegar al lugar y radic\u00f3 su denuncia en la Dependencia Local. El hecho sucedi\u00f3 este sabado, cuando la denunciante constata que en la Financiera, ubicada en Pellegrini al 900, donde trabaja, estaban las vidrieras rotas, pero nadie hab\u00eda ingresado, solo provocaron da\u00f1os. Interviene la Fiscal\u00eda N\u00ba11 [&hellip;]<\/p>\n","protected":false},"author":4,"featured_media":39230,"comment_status":"open","ping_status":"closed","sticky":false,"template":"","format":"standard","meta":{"om_disable_all_campaigns":false,"_jetpack_memberships_contains_paid_content":false,"footnotes":""},"categories":[2,103],"tags":[],"class_list":["post-41491","post","type-post","status-publish","format-standard","has-post-thumbnail","hentry","category-locales","category-policiales-locales"],"aioseo_notices":[],"gutentor_comment":0,"jetpack_featured_media_url":"https:\/\/eldiariodesanpedro.com.ar\/sitio\/wp-content\/uploads\/2018\/08\/patrullero-policia_3.jpg","jetpack_shortlink":"https:\/\/wp.me\/p6RhLt-aNd","jetpack_sharing_enabled":true,"_links":{"self":[{"href":"https:\/\/eldiariodesanpedro.com.ar\/sitio\/wp-json\/wp\/v2\/posts\/41491","targetHints":{"allow":["GET"]}}],"collection":[{"href":"https:\/\/eldiariodesanpedro.com.ar\/sitio\/wp-json\/wp\/v2\/posts"}],"about":[{"href":"https:\/\/eldiariodesanpedro.com.ar\/sitio\/wp-json\/wp\/v2\/types\/post"}],"author":[{"embeddable":true,"href":"https:\/\/eldiariodesanpedro.com.ar\/sitio\/wp-json\/wp\/v2\/users\/4"}],"replies":[{"embeddable":true,"href":"https:\/\/eldiariodesanpedro.com.ar\/sitio\/wp-json\/wp\/v2\/comments?post=41491"}],"version-history":[{"count":1,"href":"https:\/\/eldiariodesanpedro.com.ar\/sitio\/wp-json\/wp\/v2\/posts\/41491\/revisions"}],"predecessor-version":[{"id":41492,"href":"https:\/\/eldiariodesanpedro.com.ar\/sitio\/wp-json\/wp\/v2\/posts\/41491\/revisions\/41492"}],"wp:featuredmedia":[{"embeddable":true,"href":"https:\/\/eldiariodesanpedro.com.ar\/sitio\/wp-json\/wp\/v2\/media\/39230"}],"wp:attachment":[{"href":"https:\/\/eldiariodesanpedro.com.ar\/sitio\/wp-json\/wp\/v2\/media?parent=41491"}],"wp:term":[{"taxonomy":"category","embeddable":true,"href":"https:\/\/eldiariodesanpedro.com.ar\/sitio\/wp-json\/wp\/v2\/categories?post=41491"},{"taxonomy":"post_tag","embeddable":true,"href":"https:\/\/eldiariodesanpedro.com.ar\/sitio\/wp-json\/wp\/v2\/tags?post=41491"}],"curies":[{"name":"wp","href":"https:\/\/api.w.org\/{rel}","templated":true}]}}