{"id":41488,"date":"2018-10-08T09:11:44","date_gmt":"2018-10-08T12:11:44","guid":{"rendered":"https:\/\/eldiariodesanpedro.com.ar\/sitio\/?p=41488"},"modified":"2018-10-08T09:11:44","modified_gmt":"2018-10-08T12:11:44","slug":"tres-camionetas-incendiadas-en-la-planta-de-cablevision","status":"publish","type":"post","link":"https:\/\/eldiariodesanpedro.com.ar\/sitio\/tres-camionetas-incendiadas-en-la-planta-de-cablevision\/","title":{"rendered":"Tres camionetas incendiadas en la planta de Cablevisi\u00f3n"},"content":{"rendered":"<p><!-- VideographyWP Plugin Message: Automatic video embedding prevented by plugin options. --><br \/>\nEste domingo por la madrugada. tres camionetas fueron incendiadas completamente que estaban en desuso y una cuarta fue alcanzada tambi\u00e9n por las llamas, en la planta de Cablevisi\u00f3n, ubicada en calle Rojas al 2000.<\/p>\n<p>Un empleado de 52 a\u00f1os de edad, ratifico su denuncia al constatar lo ocurrido: \u00abfue intencional, rompieron el alambrado perimetral e incendiaron las camionetas\u00bb fueron una de sus declaraciones. Ademas no se constat\u00f3 faltante de ning\u00fan elemento.<\/p>\n<p>Interviene en el hecho la Fiscal\u00eda N\u00ba11 a cargo de la Dr Ramos.<\/p>\n","protected":false},"excerpt":{"rendered":"<p>Este domingo por la madrugada. tres camionetas fueron incendiadas completamente que estaban en desuso y una cuarta fue alcanzada tambi\u00e9n por las llamas, en la planta de Cablevisi\u00f3n, ubicada en calle Rojas al 2000. Un empleado de 52 a\u00f1os de edad, ratifico su denuncia al constatar lo ocurrido: \u00abfue intencional, rompieron el alambrado perimetral e [&hellip;]<\/p>\n","protected":false},"author":4,"featured_media":41489,"comment_status":"open","ping_status":"closed","sticky":false,"template":"","format":"standard","meta":{"om_disable_all_campaigns":false,"_jetpack_memberships_contains_paid_content":false,"footnotes":""},"categories":[50,2,103],"tags":[],"class_list":["post-41488","post","type-post","status-publish","format-standard","has-post-thumbnail","hentry","category-destacadas","category-locales","category-policiales-locales"],"aioseo_notices":[],"gutentor_comment":0,"jetpack_featured_media_url":"https:\/\/eldiariodesanpedro.com.ar\/sitio\/wp-content\/uploads\/2018\/10\/WhatsApp-Image-2018-10-08-at-08.45.24.jpeg","jetpack_shortlink":"https:\/\/wp.me\/p6RhLt-aNa","jetpack_sharing_enabled":true,"_links":{"self":[{"href":"https:\/\/eldiariodesanpedro.com.ar\/sitio\/wp-json\/wp\/v2\/posts\/41488","targetHints":{"allow":["GET"]}}],"collection":[{"href":"https:\/\/eldiariodesanpedro.com.ar\/sitio\/wp-json\/wp\/v2\/posts"}],"about":[{"href":"https:\/\/eldiariodesanpedro.com.ar\/sitio\/wp-json\/wp\/v2\/types\/post"}],"author":[{"embeddable":true,"href":"https:\/\/eldiariodesanpedro.com.ar\/sitio\/wp-json\/wp\/v2\/users\/4"}],"replies":[{"embeddable":true,"href":"https:\/\/eldiariodesanpedro.com.ar\/sitio\/wp-json\/wp\/v2\/comments?post=41488"}],"version-history":[{"count":1,"href":"https:\/\/eldiariodesanpedro.com.ar\/sitio\/wp-json\/wp\/v2\/posts\/41488\/revisions"}],"predecessor-version":[{"id":41490,"href":"https:\/\/eldiariodesanpedro.com.ar\/sitio\/wp-json\/wp\/v2\/posts\/41488\/revisions\/41490"}],"wp:featuredmedia":[{"embeddable":true,"href":"https:\/\/eldiariodesanpedro.com.ar\/sitio\/wp-json\/wp\/v2\/media\/41489"}],"wp:attachment":[{"href":"https:\/\/eldiariodesanpedro.com.ar\/sitio\/wp-json\/wp\/v2\/media?parent=41488"}],"wp:term":[{"taxonomy":"category","embeddable":true,"href":"https:\/\/eldiariodesanpedro.com.ar\/sitio\/wp-json\/wp\/v2\/categories?post=41488"},{"taxonomy":"post_tag","embeddable":true,"href":"https:\/\/eldiariodesanpedro.com.ar\/sitio\/wp-json\/wp\/v2\/tags?post=41488"}],"curies":[{"name":"wp","href":"https:\/\/api.w.org\/{rel}","templated":true}]}}