{"id":41482,"date":"2018-10-08T08:57:11","date_gmt":"2018-10-08T11:57:11","guid":{"rendered":"https:\/\/eldiariodesanpedro.com.ar\/sitio\/?p=41482"},"modified":"2018-10-08T08:59:08","modified_gmt":"2018-10-08T11:59:08","slug":"gran-convocatoria-solidaria-para-la-pollada-de-coplac","status":"publish","type":"post","link":"https:\/\/eldiariodesanpedro.com.ar\/sitio\/gran-convocatoria-solidaria-para-la-pollada-de-coplac\/","title":{"rendered":"Gran convocatoria solidaria para la pollada de COPLAC"},"content":{"rendered":"<p><!-- VideographyWP Plugin Message: Automatic video embedding prevented by plugin options. --><br \/>\nTrabajadores de Coplac realizaron este fin de semana una pollada solidaria para recaudar fondos a las familias que todav\u00eda est\u00e1n a la espera de una soluci\u00f3n con sus sueldos adeudados, por el momento no hay novedades de Vanderlei ni avances en la presentaci\u00f3n interpuesta para que se abonen las indemnizaciones correspondientes a cada uno de los despedidos\/as.<\/p>\n<p>Aquellos que quieran colaborar comprando un pollo, dec\u00eda la imagen que fue compartida en todas las redes sociales y difundida por los medios de comunicacion, podian encargarlo por tel\u00e9fono y luego lo retiraban el dia domingo 7 de Octubre, desde las 12.30, en las puertas de Coplac.<\/p>\n<p><img decoding=\"async\" data-attachment-id=\"41486\" data-permalink=\"https:\/\/eldiariodesanpedro.com.ar\/sitio\/gran-convocatoria-solidaria-para-la-pollada-de-coplac\/pollada_solidaria\/\" data-orig-file=\"https:\/\/eldiariodesanpedro.com.ar\/sitio\/wp-content\/uploads\/2018\/10\/pollada_solidaria.jpg\" data-orig-size=\"710,350\" data-comments-opened=\"1\" data-image-meta=\"{&quot;aperture&quot;:&quot;0&quot;,&quot;credit&quot;:&quot;&quot;,&quot;camera&quot;:&quot;&quot;,&quot;caption&quot;:&quot;&quot;,&quot;created_timestamp&quot;:&quot;0&quot;,&quot;copyright&quot;:&quot;&quot;,&quot;focal_length&quot;:&quot;0&quot;,&quot;iso&quot;:&quot;0&quot;,&quot;shutter_speed&quot;:&quot;0&quot;,&quot;title&quot;:&quot;&quot;,&quot;orientation&quot;:&quot;0&quot;}\" data-image-title=\"pollada_solidaria\" data-image-description=\"\" data-image-caption=\"\" data-large-file=\"https:\/\/eldiariodesanpedro.com.ar\/sitio\/wp-content\/uploads\/2018\/10\/pollada_solidaria.jpg\" class=\"alignnone size-full wp-image-41486 lazyload\" data-src=\"https:\/\/eldiariodesanpedro.com.ar\/sitio\/wp-content\/uploads\/2018\/10\/pollada_solidaria.jpg\" alt=\"\" width=\"710\" height=\"350\" data-srcset=\"https:\/\/eldiariodesanpedro.com.ar\/sitio\/wp-content\/uploads\/2018\/10\/pollada_solidaria.jpg 710w, https:\/\/eldiariodesanpedro.com.ar\/sitio\/wp-content\/uploads\/2018\/10\/pollada_solidaria-300x148.jpg 300w\" data-sizes=\"(max-width: 710px) 100vw, 710px\" src=\"data:image\/svg+xml;base64,PHN2ZyB3aWR0aD0iMSIgaGVpZ2h0PSIxIiB4bWxucz0iaHR0cDovL3d3dy53My5vcmcvMjAwMC9zdmciPjwvc3ZnPg==\" style=\"--smush-placeholder-width: 710px; --smush-placeholder-aspect-ratio: 710\/350;\" \/><\/p>\n<p>&nbsp;<\/p>\n<p>Y el dia llego, y fueron m\u00e1s de 400 pollos vendidos, gran respuesta solidaria de los sampedrinos para los empleados de la planta.\u00a0 Lo recaudado sera dividido en partes iguales entre las familias.<\/p>\n<p><img decoding=\"async\" data-attachment-id=\"41483\" data-permalink=\"https:\/\/eldiariodesanpedro.com.ar\/sitio\/gran-convocatoria-solidaria-para-la-pollada-de-coplac\/43276749_2251753585065400_8342080310044786688_n\/\" data-orig-file=\"https:\/\/eldiariodesanpedro.com.ar\/sitio\/wp-content\/uploads\/2018\/10\/43276749_2251753585065400_8342080310044786688_n.jpg\" data-orig-size=\"960,720\" data-comments-opened=\"1\" data-image-meta=\"{&quot;aperture&quot;:&quot;0&quot;,&quot;credit&quot;:&quot;&quot;,&quot;camera&quot;:&quot;&quot;,&quot;caption&quot;:&quot;&quot;,&quot;created_timestamp&quot;:&quot;0&quot;,&quot;copyright&quot;:&quot;&quot;,&quot;focal_length&quot;:&quot;0&quot;,&quot;iso&quot;:&quot;0&quot;,&quot;shutter_speed&quot;:&quot;0&quot;,&quot;title&quot;:&quot;&quot;,&quot;orientation&quot;:&quot;0&quot;}\" data-image-title=\"43276749_2251753585065400_8342080310044786688_n\" data-image-description=\"\" data-image-caption=\"\" data-large-file=\"https:\/\/eldiariodesanpedro.com.ar\/sitio\/wp-content\/uploads\/2018\/10\/43276749_2251753585065400_8342080310044786688_n.jpg\" class=\"alignnone size-full wp-image-41483 lazyload\" data-src=\"https:\/\/eldiariodesanpedro.com.ar\/sitio\/wp-content\/uploads\/2018\/10\/43276749_2251753585065400_8342080310044786688_n.jpg\" alt=\"\" width=\"960\" height=\"720\" data-srcset=\"https:\/\/eldiariodesanpedro.com.ar\/sitio\/wp-content\/uploads\/2018\/10\/43276749_2251753585065400_8342080310044786688_n.jpg 960w, https:\/\/eldiariodesanpedro.com.ar\/sitio\/wp-content\/uploads\/2018\/10\/43276749_2251753585065400_8342080310044786688_n-300x225.jpg 300w, https:\/\/eldiariodesanpedro.com.ar\/sitio\/wp-content\/uploads\/2018\/10\/43276749_2251753585065400_8342080310044786688_n-768x576.jpg 768w\" data-sizes=\"(max-width: 960px) 100vw, 960px\" src=\"data:image\/svg+xml;base64,PHN2ZyB3aWR0aD0iMSIgaGVpZ2h0PSIxIiB4bWxucz0iaHR0cDovL3d3dy53My5vcmcvMjAwMC9zdmciPjwvc3ZnPg==\" style=\"--smush-placeholder-width: 960px; --smush-placeholder-aspect-ratio: 960\/720;\" \/><\/p>\n","protected":false},"excerpt":{"rendered":"<p>Trabajadores de Coplac realizaron este fin de semana una pollada solidaria para recaudar fondos a las familias que todav\u00eda est\u00e1n a la espera de una soluci\u00f3n con sus sueldos adeudados, por el momento no hay novedades de Vanderlei ni avances en la presentaci\u00f3n interpuesta para que se abonen las indemnizaciones correspondientes a cada uno de [&hellip;]<\/p>\n","protected":false},"author":4,"featured_media":41484,"comment_status":"open","ping_status":"closed","sticky":false,"template":"","format":"standard","meta":{"om_disable_all_campaigns":false,"_jetpack_memberships_contains_paid_content":false,"footnotes":""},"categories":[50,101,2],"tags":[],"class_list":["post-41482","post","type-post","status-publish","format-standard","has-post-thumbnail","hentry","category-destacadas","category-interes-general-locales","category-locales"],"aioseo_notices":[],"gutentor_comment":0,"jetpack_featured_media_url":"https:\/\/eldiariodesanpedro.com.ar\/sitio\/wp-content\/uploads\/2018\/10\/43281655_2251753665065392_6462815600153460736_n.jpg","jetpack_shortlink":"https:\/\/wp.me\/p6RhLt-aN4","jetpack_sharing_enabled":true,"_links":{"self":[{"href":"https:\/\/eldiariodesanpedro.com.ar\/sitio\/wp-json\/wp\/v2\/posts\/41482","targetHints":{"allow":["GET"]}}],"collection":[{"href":"https:\/\/eldiariodesanpedro.com.ar\/sitio\/wp-json\/wp\/v2\/posts"}],"about":[{"href":"https:\/\/eldiariodesanpedro.com.ar\/sitio\/wp-json\/wp\/v2\/types\/post"}],"author":[{"embeddable":true,"href":"https:\/\/eldiariodesanpedro.com.ar\/sitio\/wp-json\/wp\/v2\/users\/4"}],"replies":[{"embeddable":true,"href":"https:\/\/eldiariodesanpedro.com.ar\/sitio\/wp-json\/wp\/v2\/comments?post=41482"}],"version-history":[{"count":1,"href":"https:\/\/eldiariodesanpedro.com.ar\/sitio\/wp-json\/wp\/v2\/posts\/41482\/revisions"}],"predecessor-version":[{"id":41487,"href":"https:\/\/eldiariodesanpedro.com.ar\/sitio\/wp-json\/wp\/v2\/posts\/41482\/revisions\/41487"}],"wp:featuredmedia":[{"embeddable":true,"href":"https:\/\/eldiariodesanpedro.com.ar\/sitio\/wp-json\/wp\/v2\/media\/41484"}],"wp:attachment":[{"href":"https:\/\/eldiariodesanpedro.com.ar\/sitio\/wp-json\/wp\/v2\/media?parent=41482"}],"wp:term":[{"taxonomy":"category","embeddable":true,"href":"https:\/\/eldiariodesanpedro.com.ar\/sitio\/wp-json\/wp\/v2\/categories?post=41482"},{"taxonomy":"post_tag","embeddable":true,"href":"https:\/\/eldiariodesanpedro.com.ar\/sitio\/wp-json\/wp\/v2\/tags?post=41482"}],"curies":[{"name":"wp","href":"https:\/\/api.w.org\/{rel}","templated":true}]}}