{"id":41474,"date":"2018-10-07T20:35:43","date_gmt":"2018-10-07T23:35:43","guid":{"rendered":"https:\/\/eldiariodesanpedro.com.ar\/sitio\/?p=41474"},"modified":"2026-01-24T00:09:20","modified_gmt":"2026-01-24T03:09:20","slug":"futbol-infantil-los-chicos-finalmente-jugaron","status":"publish","type":"post","link":"https:\/\/eldiariodesanpedro.com.ar\/sitio\/futbol-infantil-los-chicos-finalmente-jugaron\/","title":{"rendered":"F\u00daTBOL INFANTIL: \u00a1Los Chicos finalmente jugaron!"},"content":{"rendered":"<p><!-- VideographyWP Plugin Message: Automatic video embedding prevented by plugin options. --><br \/>\n  \u201cSiempre que llovi\u00f3 par\u00f3\u201d dice el refr\u00e1n y los chicos al parar pudieron jugar. La s\u00e9ptima fecha del torneo Clausura de la Liga Infantil se disput\u00f3 el s\u00e1bado con estos resultados:<\/p>\n<p><img decoding=\"async\" data-attachment-id=\"41477\" data-permalink=\"https:\/\/eldiariodesanpedro.com.ar\/sitio\/futbol-infantil-los-chicos-finalmente-jugaron\/info-08-10-18-resultados\/\" data-orig-file=\"https:\/\/eldiariodesanpedro.com.ar\/sitio\/wp-content\/uploads\/2018\/10\/INFO-08-10-18-resultados.png\" data-orig-size=\"553,464\" data-comments-opened=\"1\" data-image-meta=\"{&quot;aperture&quot;:&quot;0&quot;,&quot;credit&quot;:&quot;&quot;,&quot;camera&quot;:&quot;&quot;,&quot;caption&quot;:&quot;&quot;,&quot;created_timestamp&quot;:&quot;0&quot;,&quot;copyright&quot;:&quot;&quot;,&quot;focal_length&quot;:&quot;0&quot;,&quot;iso&quot;:&quot;0&quot;,&quot;shutter_speed&quot;:&quot;0&quot;,&quot;title&quot;:&quot;&quot;,&quot;orientation&quot;:&quot;0&quot;}\" data-image-title=\"INFO 08-10-18 resultados\" data-image-description=\"\" data-image-caption=\"\" data-large-file=\"https:\/\/eldiariodesanpedro.com.ar\/sitio\/wp-content\/uploads\/2018\/10\/INFO-08-10-18-resultados.png\" data-src=\"https:\/\/eldiariodesanpedro.com.ar\/sitio\/wp-content\/uploads\/2018\/10\/INFO-08-10-18-resultados.png\" alt=\"\" width=\"553\" height=\"464\" class=\"alignnone size-full wp-image-41477 lazyload\" data-srcset=\"https:\/\/eldiariodesanpedro.com.ar\/sitio\/wp-content\/uploads\/2018\/10\/INFO-08-10-18-resultados.png 553w, https:\/\/eldiariodesanpedro.com.ar\/sitio\/wp-content\/uploads\/2018\/10\/INFO-08-10-18-resultados-300x252.png 300w\" data-sizes=\"(max-width: 553px) 100vw, 553px\" src=\"data:image\/svg+xml;base64,PHN2ZyB3aWR0aD0iMSIgaGVpZ2h0PSIxIiB4bWxucz0iaHR0cDovL3d3dy53My5vcmcvMjAwMC9zdmciPjwvc3ZnPg==\" style=\"--smush-placeholder-width: 553px; --smush-placeholder-aspect-ratio: 553\/464;\" \/><\/p>\n<p><strong>2011<\/strong><br \/>\nZONA \u201cA\u201d: Villa Igoillo 10, Def. Unidos 7, El Porvenir 5, Agricultores 4, Castro FC 2 ZONA \u201cB\u201d: Paran\u00e1 11, El Tanque 6, General San Mart\u00edn 5, Pescadores 5, Los Andes 1 ZONA \u201cC\u201d: Atl\u00e9tico 10, Fundici\u00f3n 9, Rivadavia 5, Sportivo 4, Costa Azul 0 ZONA \u201cD\u201d: Independencia 12, San Roque 11, Mitre 8, Central C\u00f3rdoba 5, Independiente (RT) 4, Am\u00e9rica 2<\/p>\n<p><strong>2010<\/strong><br \/>\nZONA \u201cA\u201d: Villa Igoillo 6, El Porvenir 6, Agricultores 6, Def. Unidos 0 ZONA \u201cB\u201d: Paran\u00e1 12, General San Mart\u00edn 7, El Tanque 5, Los Andes 3, Pescadores 1 ZONA \u201cC\u201d: Rivadavia 12, Atl\u00e9tico 11, Fundici\u00f3n 8, Sportivo 7, Deportivo Alsina 4, Costa Azul 0 ZONA \u201cD\u201d: Mitre 14, Independencia 10, San Roque 8, Central C\u00f3rdoba 4, Am\u00e9rica 3, Independiente (RT) 3<\/p>\n<p><strong>2009<\/strong><br \/>\nZONA \u201cA\u201d: El Porvenir 8, Agricultores 8, Villa Igoillo 7, Castro FC 5, Def. Unidos 0 ZONA \u201cB\u201d: General San Mart\u00edn 10, Paran\u00e1 9, El Tanque 7, Los Andes 2, Pescadores 0 ZONA \u201cC\u201d: Sportivo 12, Rivadavia 8, Deportivo Alsina 9, Atl\u00e9tico 6, Fundici\u00f3n 4, Costa Azul 3 ZONA \u201cD\u201d: Mitre 12, Independencia 11, Central C\u00f3rdoba 8, San Roque 7, Am\u00e9rica 4, Independiente (RT) 0<\/p>\n<p><strong>2008<\/strong><br \/>\nZONA \u201cA\u201d: El Porvenir 12, Agricultores 7, Castro FC 6, Def. Unidos 2, Villa Igoillo 1 ZONA \u201cB\u201d: General San Mart\u00edn 9, Paran\u00e1 8, El Tanque 7, Pescadores 2, Los Andes 2 ZONA \u201cC\u201d: Rivadavia 14, Fundici\u00f3n 10, Sportivo 10, Deportivo Alsina 5, Costa Azul 2, Atl\u00e9tico 1 ZONA \u201cD\u201d: Am\u00e9rica 11, Mitre 11, Central C\u00f3rdoba 10, Independencia 5, San Roque 3, Independiente (RT) 2<\/p>\n<p><strong>2007 <\/strong><br \/>\nZONA \u201cA\u201d: El Porvenir 10, Castro FC 5, Villa Igoillo 5, Def. Unidos 4, Agricultores 4 ZONA \u201cB\u201d: El Tanque 8, General San Mart\u00edn 8, Paran\u00e1 7, Los Andes 4, Pescadores 1 ZONA \u201cC\u201d: Sportivo 12, Costa Azul 11, Rivadavia 9, Fundici\u00f3n 6, Atl\u00e9tico 4, Deportivo Alsina 0 ZONA \u201cD\u201d: Mitre 13, Central C\u00f3rdoba 11, San Roque 7, Independiente (RT) 6, Am\u00e9rica 3, Independencia 2<\/p>\n<p><strong>2006<\/strong><br \/>\nZONA \u201cA\u201d: El Porvenir 12, Def. Unidos 6, Villa Igoillo 5, Castro FC 5, Agricultores 0 ZONA \u201cB\u201d: Paran\u00e1 11, El Tanque 8, General San Mart\u00edn 7, Los Andes 2, Pescadores 0 ZONA \u201cC\u201d: Sportivo 13, Rivadavia 10, Fundici\u00f3n 7, Atl\u00e9tico 6, Costa Azul 2, Deportivo Alsina 0 ZONA \u201cD\u201d: Independencia 12, Mitre 11, Am\u00e9rica 6, San Roque 6, Central C\u00f3rdoba 5, Independiente (RT) 0<\/p>\n<p><strong>Pr\u00f3xima fecha (8\u00b0)<\/strong><br \/>\nAgricultores-V. Igoillo<br \/>\nEl Porvenir-Castro FC<br \/>\nSportivo-Rivadavia<br \/>\nCosta Azul-Atl\u00e9tico<br \/>\nAlsina-Fundici\u00f3n FC<br \/>\nSan Mart\u00edn-Los Andes<br \/>\nParan\u00e1-El Tanque<br \/>\nAm\u00e9rica-C. C\u00f3rdoba<br \/>\nSan Roque-Independencia<br \/>\nIndependiente-Mitre<\/p>\n","protected":false},"excerpt":{"rendered":"<p>\u201cSiempre que llovi\u00f3 par\u00f3\u201d dice el refr\u00e1n y los chicos al parar pudieron jugar. La s\u00e9ptima fecha del torneo Clausura de la Liga Infantil se disput\u00f3 el s\u00e1bado con estos resultados: 2011 ZONA \u201cA\u201d: Villa Igoillo 10, Def. Unidos 7, El Porvenir 5, Agricultores 4, Castro FC 2 ZONA \u201cB\u201d: Paran\u00e1 11, El Tanque 6, [&hellip;]<\/p>\n","protected":false},"author":4,"featured_media":41478,"comment_status":"open","ping_status":"closed","sticky":false,"template":"","format":"standard","meta":{"om_disable_all_campaigns":false,"_jetpack_memberships_contains_paid_content":false,"footnotes":""},"categories":[5],"tags":[],"class_list":["post-41474","post","type-post","status-publish","format-standard","has-post-thumbnail","hentry","category-deportes"],"aioseo_notices":[],"gutentor_comment":0,"jetpack_featured_media_url":"https:\/\/eldiariodesanpedro.com.ar\/sitio\/wp-content\/uploads\/2018\/10\/foto-3-07-10-18.jpg","jetpack_shortlink":"https:\/\/wp.me\/p6RhLt-aMW","jetpack_sharing_enabled":true,"_links":{"self":[{"href":"https:\/\/eldiariodesanpedro.com.ar\/sitio\/wp-json\/wp\/v2\/posts\/41474","targetHints":{"allow":["GET"]}}],"collection":[{"href":"https:\/\/eldiariodesanpedro.com.ar\/sitio\/wp-json\/wp\/v2\/posts"}],"about":[{"href":"https:\/\/eldiariodesanpedro.com.ar\/sitio\/wp-json\/wp\/v2\/types\/post"}],"author":[{"embeddable":true,"href":"https:\/\/eldiariodesanpedro.com.ar\/sitio\/wp-json\/wp\/v2\/users\/4"}],"replies":[{"embeddable":true,"href":"https:\/\/eldiariodesanpedro.com.ar\/sitio\/wp-json\/wp\/v2\/comments?post=41474"}],"version-history":[{"count":1,"href":"https:\/\/eldiariodesanpedro.com.ar\/sitio\/wp-json\/wp\/v2\/posts\/41474\/revisions"}],"predecessor-version":[{"id":41480,"href":"https:\/\/eldiariodesanpedro.com.ar\/sitio\/wp-json\/wp\/v2\/posts\/41474\/revisions\/41480"}],"wp:featuredmedia":[{"embeddable":true,"href":"https:\/\/eldiariodesanpedro.com.ar\/sitio\/wp-json\/wp\/v2\/media\/41478"}],"wp:attachment":[{"href":"https:\/\/eldiariodesanpedro.com.ar\/sitio\/wp-json\/wp\/v2\/media?parent=41474"}],"wp:term":[{"taxonomy":"category","embeddable":true,"href":"https:\/\/eldiariodesanpedro.com.ar\/sitio\/wp-json\/wp\/v2\/categories?post=41474"},{"taxonomy":"post_tag","embeddable":true,"href":"https:\/\/eldiariodesanpedro.com.ar\/sitio\/wp-json\/wp\/v2\/tags?post=41474"}],"curies":[{"name":"wp","href":"https:\/\/api.w.org\/{rel}","templated":true}]}}