{"id":41464,"date":"2018-10-07T20:29:59","date_gmt":"2018-10-07T23:29:59","guid":{"rendered":"https:\/\/eldiariodesanpedro.com.ar\/sitio\/?p=41464"},"modified":"2018-10-07T20:29:59","modified_gmt":"2018-10-07T23:29:59","slug":"dos-aprehendidos-por-ocasionar-disturbios","status":"publish","type":"post","link":"https:\/\/eldiariodesanpedro.com.ar\/sitio\/dos-aprehendidos-por-ocasionar-disturbios\/","title":{"rendered":"Dos aprehendidos por ocasionar disturbios"},"content":{"rendered":"<p><!-- VideographyWP Plugin Message: Automatic video embedding prevented by plugin options. --><br \/>\nEste s\u00e1bado polic\u00eda de nuestra ciudad aprehendi\u00f3 a dos personas por ocasionar disturbios.<\/p>\n<p>   La primera aprehensi\u00f3n se realiz\u00f3 sobre calle San Lorenzo al 1800, donde el aprehendido result\u00f3 ser un hombre mayor de edad que se hallaba en ese lugar ocasionando disturbios. Al presentarse en el lugar el m\u00f3vil policial, este sujeto se resisti\u00f3, pero finalmente fue reducido y trasladado a la Comisar\u00eda local.<br \/>\n  En el segundo caso, la aprehensi\u00f3n se realiz\u00f3 dentro de la guardia del Hospital Emilio Ruffa. Un hombre que estaba ebrio ocasionaba disturbios all\u00ed. <\/p>\n","protected":false},"excerpt":{"rendered":"<p>Este s\u00e1bado polic\u00eda de nuestra ciudad aprehendi\u00f3 a dos personas por ocasionar disturbios. La primera aprehensi\u00f3n se realiz\u00f3 sobre calle San Lorenzo al 1800, donde el aprehendido result\u00f3 ser un hombre mayor de edad que se hallaba en ese lugar ocasionando disturbios. Al presentarse en el lugar el m\u00f3vil policial, este sujeto se resisti\u00f3, pero [&hellip;]<\/p>\n","protected":false},"author":4,"featured_media":7819,"comment_status":"open","ping_status":"closed","sticky":false,"template":"","format":"standard","meta":{"om_disable_all_campaigns":false,"_jetpack_memberships_contains_paid_content":false,"footnotes":""},"categories":[2,103],"tags":[],"class_list":["post-41464","post","type-post","status-publish","format-standard","has-post-thumbnail","hentry","category-locales","category-policiales-locales"],"aioseo_notices":[],"gutentor_comment":0,"jetpack_featured_media_url":"https:\/\/eldiariodesanpedro.com.ar\/sitio\/wp-content\/uploads\/2016\/09\/detenidos-esposados.jpg","jetpack_shortlink":"https:\/\/wp.me\/p6RhLt-aMM","jetpack_sharing_enabled":true,"_links":{"self":[{"href":"https:\/\/eldiariodesanpedro.com.ar\/sitio\/wp-json\/wp\/v2\/posts\/41464","targetHints":{"allow":["GET"]}}],"collection":[{"href":"https:\/\/eldiariodesanpedro.com.ar\/sitio\/wp-json\/wp\/v2\/posts"}],"about":[{"href":"https:\/\/eldiariodesanpedro.com.ar\/sitio\/wp-json\/wp\/v2\/types\/post"}],"author":[{"embeddable":true,"href":"https:\/\/eldiariodesanpedro.com.ar\/sitio\/wp-json\/wp\/v2\/users\/4"}],"replies":[{"embeddable":true,"href":"https:\/\/eldiariodesanpedro.com.ar\/sitio\/wp-json\/wp\/v2\/comments?post=41464"}],"version-history":[{"count":2,"href":"https:\/\/eldiariodesanpedro.com.ar\/sitio\/wp-json\/wp\/v2\/posts\/41464\/revisions"}],"predecessor-version":[{"id":41467,"href":"https:\/\/eldiariodesanpedro.com.ar\/sitio\/wp-json\/wp\/v2\/posts\/41464\/revisions\/41467"}],"wp:featuredmedia":[{"embeddable":true,"href":"https:\/\/eldiariodesanpedro.com.ar\/sitio\/wp-json\/wp\/v2\/media\/7819"}],"wp:attachment":[{"href":"https:\/\/eldiariodesanpedro.com.ar\/sitio\/wp-json\/wp\/v2\/media?parent=41464"}],"wp:term":[{"taxonomy":"category","embeddable":true,"href":"https:\/\/eldiariodesanpedro.com.ar\/sitio\/wp-json\/wp\/v2\/categories?post=41464"},{"taxonomy":"post_tag","embeddable":true,"href":"https:\/\/eldiariodesanpedro.com.ar\/sitio\/wp-json\/wp\/v2\/tags?post=41464"}],"curies":[{"name":"wp","href":"https:\/\/api.w.org\/{rel}","templated":true}]}}