{"id":41463,"date":"2018-10-07T20:29:41","date_gmt":"2018-10-07T23:29:41","guid":{"rendered":"https:\/\/eldiariodesanpedro.com.ar\/sitio\/?p=41463"},"modified":"2018-10-07T20:29:41","modified_gmt":"2018-10-07T23:29:41","slug":"un-herido-de-arma-de-fuego-2","status":"publish","type":"post","link":"https:\/\/eldiariodesanpedro.com.ar\/sitio\/un-herido-de-arma-de-fuego-2\/","title":{"rendered":"Un herido de arma de fuego"},"content":{"rendered":"<p><!-- VideographyWP Plugin Message: Automatic video embedding prevented by plugin options. --><br \/>\nEste s\u00e1bado en horas de la madrugada se recibi\u00f3 en la Guardia del Hospital a un joven de 22 a\u00f1os herido de bala.<br \/>\n  El mismo refiri\u00f3 que encontr\u00e1ndose en la plaza de la Escuela 11 fue sorprendido por un hombre que, sin mediar palabra alguna, efectu\u00f3 dos disparos y luego se dio a la fuga.<br \/>\n  El joven recibi\u00f3 los impactos que le produjeron una fractura del dedo me\u00f1ique y dem\u00e1s heridas por los perdigones. <\/p>\n","protected":false},"excerpt":{"rendered":"<p>Este s\u00e1bado en horas de la madrugada se recibi\u00f3 en la Guardia del Hospital a un joven de 22 a\u00f1os herido de bala. El mismo refiri\u00f3 que encontr\u00e1ndose en la plaza de la Escuela 11 fue sorprendido por un hombre que, sin mediar palabra alguna, efectu\u00f3 dos disparos y luego se dio a la fuga. [&hellip;]<\/p>\n","protected":false},"author":4,"featured_media":25808,"comment_status":"open","ping_status":"closed","sticky":false,"template":"","format":"standard","meta":{"om_disable_all_campaigns":false,"_jetpack_memberships_contains_paid_content":false,"footnotes":""},"categories":[2,103],"tags":[],"class_list":["post-41463","post","type-post","status-publish","format-standard","has-post-thumbnail","hentry","category-locales","category-policiales-locales"],"aioseo_notices":[],"gutentor_comment":0,"jetpack_featured_media_url":"https:\/\/eldiariodesanpedro.com.ar\/sitio\/wp-content\/uploads\/2017\/11\/Los-accidentados-fueron-derivados-a-la-Guardia.jpg","jetpack_shortlink":"https:\/\/wp.me\/p6RhLt-aML","jetpack_sharing_enabled":true,"_links":{"self":[{"href":"https:\/\/eldiariodesanpedro.com.ar\/sitio\/wp-json\/wp\/v2\/posts\/41463","targetHints":{"allow":["GET"]}}],"collection":[{"href":"https:\/\/eldiariodesanpedro.com.ar\/sitio\/wp-json\/wp\/v2\/posts"}],"about":[{"href":"https:\/\/eldiariodesanpedro.com.ar\/sitio\/wp-json\/wp\/v2\/types\/post"}],"author":[{"embeddable":true,"href":"https:\/\/eldiariodesanpedro.com.ar\/sitio\/wp-json\/wp\/v2\/users\/4"}],"replies":[{"embeddable":true,"href":"https:\/\/eldiariodesanpedro.com.ar\/sitio\/wp-json\/wp\/v2\/comments?post=41463"}],"version-history":[{"count":2,"href":"https:\/\/eldiariodesanpedro.com.ar\/sitio\/wp-json\/wp\/v2\/posts\/41463\/revisions"}],"predecessor-version":[{"id":41468,"href":"https:\/\/eldiariodesanpedro.com.ar\/sitio\/wp-json\/wp\/v2\/posts\/41463\/revisions\/41468"}],"wp:featuredmedia":[{"embeddable":true,"href":"https:\/\/eldiariodesanpedro.com.ar\/sitio\/wp-json\/wp\/v2\/media\/25808"}],"wp:attachment":[{"href":"https:\/\/eldiariodesanpedro.com.ar\/sitio\/wp-json\/wp\/v2\/media?parent=41463"}],"wp:term":[{"taxonomy":"category","embeddable":true,"href":"https:\/\/eldiariodesanpedro.com.ar\/sitio\/wp-json\/wp\/v2\/categories?post=41463"},{"taxonomy":"post_tag","embeddable":true,"href":"https:\/\/eldiariodesanpedro.com.ar\/sitio\/wp-json\/wp\/v2\/tags?post=41463"}],"curies":[{"name":"wp","href":"https:\/\/api.w.org\/{rel}","templated":true}]}}