{"id":41457,"date":"2018-10-07T19:52:33","date_gmt":"2018-10-07T22:52:33","guid":{"rendered":"https:\/\/eldiariodesanpedro.com.ar\/sitio\/?p=41457"},"modified":"2018-10-07T19:52:33","modified_gmt":"2018-10-07T22:52:33","slug":"baradero-incendio-en-una-vivienda","status":"publish","type":"post","link":"https:\/\/eldiariodesanpedro.com.ar\/sitio\/baradero-incendio-en-una-vivienda\/","title":{"rendered":"BARADERO: Incendio en una vivienda"},"content":{"rendered":"<p><!-- VideographyWP Plugin Message: Automatic video embedding prevented by plugin options. --><br \/>\nOcurri\u00f3 minutos antes de las 12 del mediod\u00eda del viernes en Jorge Newery 783. Se gener\u00f3 un corto circuito en una de las habitaciones de la propiedad.<\/p>\n<p>  La familia, compuesta por tres integrantes, se encontraba en la casa, cuando uno de ellos se dio cuenta que sal\u00eda humo en una de las habitaciones.<br \/>\n  Llamaron a Bomberos quienes se presentaron en el lugar a controlar el fuego, que alcanz\u00f3 parte del techo de madera.<br \/>\n  Los residentes fueron atendidos por el 107 Same preventivamente.<br \/>\n  Bomberos Voluntarios realiz\u00f3 trabajos de enfriamiento en todo el techo. Polic\u00eda tambi\u00e9n asisti\u00f3 en colaboraci\u00f3n del siniestro que por suerte fueron s\u00f3lo da\u00f1os materiales.<\/p>\n<p>Fuente: Tu L\u00ednea Directa<\/p>\n","protected":false},"excerpt":{"rendered":"<p>Ocurri\u00f3 minutos antes de las 12 del mediod\u00eda del viernes en Jorge Newery 783. Se gener\u00f3 un corto circuito en una de las habitaciones de la propiedad. La familia, compuesta por tres integrantes, se encontraba en la casa, cuando uno de ellos se dio cuenta que sal\u00eda humo en una de las habitaciones. Llamaron a [&hellip;]<\/p>\n","protected":false},"author":4,"featured_media":41459,"comment_status":"open","ping_status":"closed","sticky":false,"template":"","format":"standard","meta":{"om_disable_all_campaigns":false,"_jetpack_memberships_contains_paid_content":false,"footnotes":""},"categories":[621],"tags":[],"class_list":["post-41457","post","type-post","status-publish","format-standard","has-post-thumbnail","hentry","category-regionales"],"aioseo_notices":[],"gutentor_comment":0,"jetpack_featured_media_url":"https:\/\/eldiariodesanpedro.com.ar\/sitio\/wp-content\/uploads\/2018\/10\/PAGINA-6-DOS-1.jpg","jetpack_shortlink":"https:\/\/wp.me\/p6RhLt-aMF","jetpack_sharing_enabled":true,"_links":{"self":[{"href":"https:\/\/eldiariodesanpedro.com.ar\/sitio\/wp-json\/wp\/v2\/posts\/41457","targetHints":{"allow":["GET"]}}],"collection":[{"href":"https:\/\/eldiariodesanpedro.com.ar\/sitio\/wp-json\/wp\/v2\/posts"}],"about":[{"href":"https:\/\/eldiariodesanpedro.com.ar\/sitio\/wp-json\/wp\/v2\/types\/post"}],"author":[{"embeddable":true,"href":"https:\/\/eldiariodesanpedro.com.ar\/sitio\/wp-json\/wp\/v2\/users\/4"}],"replies":[{"embeddable":true,"href":"https:\/\/eldiariodesanpedro.com.ar\/sitio\/wp-json\/wp\/v2\/comments?post=41457"}],"version-history":[{"count":1,"href":"https:\/\/eldiariodesanpedro.com.ar\/sitio\/wp-json\/wp\/v2\/posts\/41457\/revisions"}],"predecessor-version":[{"id":41461,"href":"https:\/\/eldiariodesanpedro.com.ar\/sitio\/wp-json\/wp\/v2\/posts\/41457\/revisions\/41461"}],"wp:featuredmedia":[{"embeddable":true,"href":"https:\/\/eldiariodesanpedro.com.ar\/sitio\/wp-json\/wp\/v2\/media\/41459"}],"wp:attachment":[{"href":"https:\/\/eldiariodesanpedro.com.ar\/sitio\/wp-json\/wp\/v2\/media?parent=41457"}],"wp:term":[{"taxonomy":"category","embeddable":true,"href":"https:\/\/eldiariodesanpedro.com.ar\/sitio\/wp-json\/wp\/v2\/categories?post=41457"},{"taxonomy":"post_tag","embeddable":true,"href":"https:\/\/eldiariodesanpedro.com.ar\/sitio\/wp-json\/wp\/v2\/tags?post=41457"}],"curies":[{"name":"wp","href":"https:\/\/api.w.org\/{rel}","templated":true}]}}