{"id":41454,"date":"2018-10-07T19:51:48","date_gmt":"2018-10-07T22:51:48","guid":{"rendered":"https:\/\/eldiariodesanpedro.com.ar\/sitio\/?p=41454"},"modified":"2018-10-07T19:51:48","modified_gmt":"2018-10-07T22:51:48","slug":"arrecifes-celebracion-del-dia-de-la-patrona-de-arrecifes","status":"publish","type":"post","link":"https:\/\/eldiariodesanpedro.com.ar\/sitio\/arrecifes-celebracion-del-dia-de-la-patrona-de-arrecifes\/","title":{"rendered":"ARRECIFES: Celebraci\u00f3n del D\u00eda de la Patrona de Arrecifes"},"content":{"rendered":"<p><!-- VideographyWP Plugin Message: Automatic video embedding prevented by plugin options. --><br \/>\nTendr\u00e1 lugar este domingo, en el marco de las Fiestas Patronales, que se celebran el 7 de octubre en honor a la Virgen del Rosario.<\/p>\n<p>  Seg\u00fan lo previsto, este domingo, a las 16:45 hs., en el Cristo de la Hermandad actuar\u00e1 la Banda Juvenil \u201cJuan Pedro Oviedo\u201d de la ciudad de Jun\u00edn, con 25 integrantes. Y a las 18:00 dar\u00e1 comienzo la procesi\u00f3n hacia la Iglesia San Jos\u00e9 de los Arrecifes, acompa\u00f1ando a nuestra patrona.<br \/>\n  El s\u00e1bado en el Centro Cultural se realiz\u00f3 la charla \u201cY el hombre lleg\u00f3 a las Pampas\u201d, a cargo del pintor de las pampas Carlos Montefusco, brindando una mirada desde el arte a la llegada del hombre a estas tierras y se llev\u00f3 a cabo la presentaci\u00f3n del cantor surero de la ciudad de Chascom\u00fas, Facundo Picone.<\/p>\n<p>Fuente: Arrecifes Noticias<\/p>\n","protected":false},"excerpt":{"rendered":"<p>Tendr\u00e1 lugar este domingo, en el marco de las Fiestas Patronales, que se celebran el 7 de octubre en honor a la Virgen del Rosario. Seg\u00fan lo previsto, este domingo, a las 16:45 hs., en el Cristo de la Hermandad actuar\u00e1 la Banda Juvenil \u201cJuan Pedro Oviedo\u201d de la ciudad de Jun\u00edn, con 25 integrantes. [&hellip;]<\/p>\n","protected":false},"author":4,"featured_media":41456,"comment_status":"open","ping_status":"closed","sticky":false,"template":"","format":"standard","meta":{"om_disable_all_campaigns":false,"_jetpack_memberships_contains_paid_content":false,"footnotes":""},"categories":[621],"tags":[],"class_list":["post-41454","post","type-post","status-publish","format-standard","has-post-thumbnail","hentry","category-regionales"],"aioseo_notices":[],"gutentor_comment":0,"jetpack_featured_media_url":"https:\/\/eldiariodesanpedro.com.ar\/sitio\/wp-content\/uploads\/2018\/10\/Virgen-del-Rosario.jpg","jetpack_shortlink":"https:\/\/wp.me\/p6RhLt-aMC","jetpack_sharing_enabled":true,"_links":{"self":[{"href":"https:\/\/eldiariodesanpedro.com.ar\/sitio\/wp-json\/wp\/v2\/posts\/41454","targetHints":{"allow":["GET"]}}],"collection":[{"href":"https:\/\/eldiariodesanpedro.com.ar\/sitio\/wp-json\/wp\/v2\/posts"}],"about":[{"href":"https:\/\/eldiariodesanpedro.com.ar\/sitio\/wp-json\/wp\/v2\/types\/post"}],"author":[{"embeddable":true,"href":"https:\/\/eldiariodesanpedro.com.ar\/sitio\/wp-json\/wp\/v2\/users\/4"}],"replies":[{"embeddable":true,"href":"https:\/\/eldiariodesanpedro.com.ar\/sitio\/wp-json\/wp\/v2\/comments?post=41454"}],"version-history":[{"count":1,"href":"https:\/\/eldiariodesanpedro.com.ar\/sitio\/wp-json\/wp\/v2\/posts\/41454\/revisions"}],"predecessor-version":[{"id":41458,"href":"https:\/\/eldiariodesanpedro.com.ar\/sitio\/wp-json\/wp\/v2\/posts\/41454\/revisions\/41458"}],"wp:featuredmedia":[{"embeddable":true,"href":"https:\/\/eldiariodesanpedro.com.ar\/sitio\/wp-json\/wp\/v2\/media\/41456"}],"wp:attachment":[{"href":"https:\/\/eldiariodesanpedro.com.ar\/sitio\/wp-json\/wp\/v2\/media?parent=41454"}],"wp:term":[{"taxonomy":"category","embeddable":true,"href":"https:\/\/eldiariodesanpedro.com.ar\/sitio\/wp-json\/wp\/v2\/categories?post=41454"},{"taxonomy":"post_tag","embeddable":true,"href":"https:\/\/eldiariodesanpedro.com.ar\/sitio\/wp-json\/wp\/v2\/tags?post=41454"}],"curies":[{"name":"wp","href":"https:\/\/api.w.org\/{rel}","templated":true}]}}