{"id":41449,"date":"2018-10-07T19:50:14","date_gmt":"2018-10-07T22:50:14","guid":{"rendered":"https:\/\/eldiariodesanpedro.com.ar\/sitio\/?p=41449"},"modified":"2018-10-07T19:50:14","modified_gmt":"2018-10-07T22:50:14","slug":"campana-vuelco-en-panamericana-su-conductor-quedo-atrapado-y-resulto-herido","status":"publish","type":"post","link":"https:\/\/eldiariodesanpedro.com.ar\/sitio\/campana-vuelco-en-panamericana-su-conductor-quedo-atrapado-y-resulto-herido\/","title":{"rendered":"CAMPANA, Vuelco en Panamericana: su conductor qued\u00f3 atrapado y result\u00f3 herido"},"content":{"rendered":"<p><!-- VideographyWP Plugin Message: Automatic video embedding prevented by plugin options. --><br \/>\nOcurri\u00f3 en horas de la ma\u00f1ana sobre la mano que va a Rosario. El automovilista perdi\u00f3 el control, impact\u00f3 contra el guardarra\u00edl, terminado en posici\u00f3n invertida. Fue rescatado por Bomberos, y trasladado al Hospital en forma conjunta con el Same.<\/p>\n<p>  06.50 hs. del s\u00e1bado. Un Renault Clio que circulaba sentido a Rosario volc\u00f3 y su conductor qued\u00f3 atrapado en su interior.<br \/>\n  La v\u00edctima, Iv\u00e1n Ben\u00edtez de San Pedro, perdi\u00f3 el control de su auto chocando contra las barras de cementos que dividen la ruta, y tras volcar qued\u00f3 atrapado en el interior del rodado.<br \/>\n  Fue rescatado por bomberos, quienes llegaron a bordo del m\u00f3vil 43 a cargo del principal Oscar Valdez. Luego debi\u00f3 ser hospitalizado de urgencia, siendo escoltado por la m\u00e9dica del Same que tambi\u00e9n lleg\u00f3 hasta el lugar, en el m\u00f3vil 1.<br \/>\n  Polic\u00eda Vial, a cargo del Capit\u00e1n Bengolea, tambi\u00e9n participaron del procedimiento.<\/p>\n<p>Fuente: Campana Noticias<\/p>\n","protected":false},"excerpt":{"rendered":"<p>Ocurri\u00f3 en horas de la ma\u00f1ana sobre la mano que va a Rosario. El automovilista perdi\u00f3 el control, impact\u00f3 contra el guardarra\u00edl, terminado en posici\u00f3n invertida. Fue rescatado por Bomberos, y trasladado al Hospital en forma conjunta con el Same. 06.50 hs. del s\u00e1bado. Un Renault Clio que circulaba sentido a Rosario volc\u00f3 y su [&hellip;]<\/p>\n","protected":false},"author":4,"featured_media":41453,"comment_status":"open","ping_status":"closed","sticky":false,"template":"","format":"standard","meta":{"om_disable_all_campaigns":false,"_jetpack_memberships_contains_paid_content":false,"footnotes":""},"categories":[621],"tags":[],"class_list":["post-41449","post","type-post","status-publish","format-standard","has-post-thumbnail","hentry","category-regionales"],"aioseo_notices":[],"gutentor_comment":0,"jetpack_featured_media_url":"https:\/\/eldiariodesanpedro.com.ar\/sitio\/wp-content\/uploads\/2018\/10\/campana-Vuelco-en-Panamericana.jpg","jetpack_shortlink":"https:\/\/wp.me\/p6RhLt-aMx","jetpack_sharing_enabled":true,"_links":{"self":[{"href":"https:\/\/eldiariodesanpedro.com.ar\/sitio\/wp-json\/wp\/v2\/posts\/41449","targetHints":{"allow":["GET"]}}],"collection":[{"href":"https:\/\/eldiariodesanpedro.com.ar\/sitio\/wp-json\/wp\/v2\/posts"}],"about":[{"href":"https:\/\/eldiariodesanpedro.com.ar\/sitio\/wp-json\/wp\/v2\/types\/post"}],"author":[{"embeddable":true,"href":"https:\/\/eldiariodesanpedro.com.ar\/sitio\/wp-json\/wp\/v2\/users\/4"}],"replies":[{"embeddable":true,"href":"https:\/\/eldiariodesanpedro.com.ar\/sitio\/wp-json\/wp\/v2\/comments?post=41449"}],"version-history":[{"count":1,"href":"https:\/\/eldiariodesanpedro.com.ar\/sitio\/wp-json\/wp\/v2\/posts\/41449\/revisions"}],"predecessor-version":[{"id":41455,"href":"https:\/\/eldiariodesanpedro.com.ar\/sitio\/wp-json\/wp\/v2\/posts\/41449\/revisions\/41455"}],"wp:featuredmedia":[{"embeddable":true,"href":"https:\/\/eldiariodesanpedro.com.ar\/sitio\/wp-json\/wp\/v2\/media\/41453"}],"wp:attachment":[{"href":"https:\/\/eldiariodesanpedro.com.ar\/sitio\/wp-json\/wp\/v2\/media?parent=41449"}],"wp:term":[{"taxonomy":"category","embeddable":true,"href":"https:\/\/eldiariodesanpedro.com.ar\/sitio\/wp-json\/wp\/v2\/categories?post=41449"},{"taxonomy":"post_tag","embeddable":true,"href":"https:\/\/eldiariodesanpedro.com.ar\/sitio\/wp-json\/wp\/v2\/tags?post=41449"}],"curies":[{"name":"wp","href":"https:\/\/api.w.org\/{rel}","templated":true}]}}