{"id":41448,"date":"2018-10-07T19:48:36","date_gmt":"2018-10-07T22:48:36","guid":{"rendered":"https:\/\/eldiariodesanpedro.com.ar\/sitio\/?p=41448"},"modified":"2018-10-07T19:48:36","modified_gmt":"2018-10-07T22:48:36","slug":"zarate-buscan-a-delincuentes-que-balearon-a-dos-vecinos-para-robarles","status":"publish","type":"post","link":"https:\/\/eldiariodesanpedro.com.ar\/sitio\/zarate-buscan-a-delincuentes-que-balearon-a-dos-vecinos-para-robarles\/","title":{"rendered":"Z\u00c1RATE: Buscan a delincuentes que balearon a dos vecinos para robarles"},"content":{"rendered":"<p><!-- VideographyWP Plugin Message: Automatic video embedding prevented by plugin options. --><br \/>\nEn la noche del viernes, dos personas resultaron baleadas en un intento de robo en Pellegrini y Gallesio de Z\u00e1rate. Fuentes consultadas por este medio confirmaron que los agresores estar\u00edan identificados.<\/p>\n<p>  Seg\u00fan las fuentes consultadas por Enlace Cr\u00edtico, dos de los cuatro sujetos que en la noche de este viernes intentaron asaltar a dos vecinos, hiri\u00e9ndolos de bala, estar\u00edan identificados por los familiares de las v\u00edctimas y por el Gabinete Criminol\u00f3gico de Comisar\u00eda 1ra.<br \/>\n  Ser\u00edan dos menores de edad y uno habr\u00eda sido el autor del disparo que hiri\u00f3 a un joven en H. Yrigoyen y 1ro. de Mayo d\u00edas atr\u00e1s y tambi\u00e9n a un muchacho en Pinto y Agust\u00edn \u00c1lvarez. Por otra parte, su c\u00f3mplice en este hecho reciente fue dejado en libertad tras un allanamiento en el barrio Matadero a principios de septiembre.<\/p>\n<p>Fuente: Enlace Cr\u00edtico<\/p>\n","protected":false},"excerpt":{"rendered":"<p>En la noche del viernes, dos personas resultaron baleadas en un intento de robo en Pellegrini y Gallesio de Z\u00e1rate. Fuentes consultadas por este medio confirmaron que los agresores estar\u00edan identificados. Seg\u00fan las fuentes consultadas por Enlace Cr\u00edtico, dos de los cuatro sujetos que en la noche de este viernes intentaron asaltar a dos vecinos, [&hellip;]<\/p>\n","protected":false},"author":4,"featured_media":41451,"comment_status":"open","ping_status":"closed","sticky":false,"template":"","format":"standard","meta":{"om_disable_all_campaigns":false,"_jetpack_memberships_contains_paid_content":false,"footnotes":""},"categories":[621],"tags":[],"class_list":["post-41448","post","type-post","status-publish","format-standard","has-post-thumbnail","hentry","category-regionales"],"aioseo_notices":[],"gutentor_comment":0,"jetpack_featured_media_url":"https:\/\/eldiariodesanpedro.com.ar\/sitio\/wp-content\/uploads\/2018\/10\/PAGINA-6-1.jpg","jetpack_shortlink":"https:\/\/wp.me\/p6RhLt-aMw","jetpack_sharing_enabled":true,"_links":{"self":[{"href":"https:\/\/eldiariodesanpedro.com.ar\/sitio\/wp-json\/wp\/v2\/posts\/41448","targetHints":{"allow":["GET"]}}],"collection":[{"href":"https:\/\/eldiariodesanpedro.com.ar\/sitio\/wp-json\/wp\/v2\/posts"}],"about":[{"href":"https:\/\/eldiariodesanpedro.com.ar\/sitio\/wp-json\/wp\/v2\/types\/post"}],"author":[{"embeddable":true,"href":"https:\/\/eldiariodesanpedro.com.ar\/sitio\/wp-json\/wp\/v2\/users\/4"}],"replies":[{"embeddable":true,"href":"https:\/\/eldiariodesanpedro.com.ar\/sitio\/wp-json\/wp\/v2\/comments?post=41448"}],"version-history":[{"count":1,"href":"https:\/\/eldiariodesanpedro.com.ar\/sitio\/wp-json\/wp\/v2\/posts\/41448\/revisions"}],"predecessor-version":[{"id":41452,"href":"https:\/\/eldiariodesanpedro.com.ar\/sitio\/wp-json\/wp\/v2\/posts\/41448\/revisions\/41452"}],"wp:featuredmedia":[{"embeddable":true,"href":"https:\/\/eldiariodesanpedro.com.ar\/sitio\/wp-json\/wp\/v2\/media\/41451"}],"wp:attachment":[{"href":"https:\/\/eldiariodesanpedro.com.ar\/sitio\/wp-json\/wp\/v2\/media?parent=41448"}],"wp:term":[{"taxonomy":"category","embeddable":true,"href":"https:\/\/eldiariodesanpedro.com.ar\/sitio\/wp-json\/wp\/v2\/categories?post=41448"},{"taxonomy":"post_tag","embeddable":true,"href":"https:\/\/eldiariodesanpedro.com.ar\/sitio\/wp-json\/wp\/v2\/tags?post=41448"}],"curies":[{"name":"wp","href":"https:\/\/api.w.org\/{rel}","templated":true}]}}