{"id":41444,"date":"2018-10-07T19:43:51","date_gmt":"2018-10-07T22:43:51","guid":{"rendered":"https:\/\/eldiariodesanpedro.com.ar\/sitio\/?p=41444"},"modified":"2018-10-07T19:43:51","modified_gmt":"2018-10-07T22:43:51","slug":"san-nicolas-la-situacion-de-motomel-y-protto-tiene-en-vilo-a-cientos-de-trabajadores","status":"publish","type":"post","link":"https:\/\/eldiariodesanpedro.com.ar\/sitio\/san-nicolas-la-situacion-de-motomel-y-protto-tiene-en-vilo-a-cientos-de-trabajadores\/","title":{"rendered":"SAN NICOL\u00c1S: La situaci\u00f3n de Motomel y Protto tiene en vilo a cientos de trabajadores"},"content":{"rendered":"<p><!-- VideographyWP Plugin Message: Automatic video embedding prevented by plugin options. --><br \/>\nSe espera que hoy haya novedades en relaci\u00f3n al futuro a corto plazo de los operarios de la planta Motomel. La Emilia, en un contexto de crisis por bajas ventas. Con un panorama similiar, los operarios de Protto inician este lunes la segunda semana de suspensi\u00f3n.<\/p>\n<p>  Esta semana podr\u00eda haber novedades en cuanto al futuro de corto y mediano plazo en la planta Motomel La Emilia, donde los trabajadores suspendidos se reincorporaron esta semana sin conocer a\u00fan cu\u00e1les son los planes de la empresa ante un escenario de retracci\u00f3n de ventas.<br \/>\n  De acuerdo a lo manifestado a este medio, una fuente del gremio de la Uni\u00f3n Obrera Metal\u00fargica, \u201ca\u00fan no hay nada oficial al respecto. Tenemos la expectativa de que octubre sea un mes \u00abnormal\u00bb. Pero ello lo vamos a conocer con exactitud cuando nos sentemos a conversar con la empresa\u201d, confi\u00f3 el dirigente metal\u00fargico.<br \/>\n  Cabe recordar que una parte importante de los operarios solicitaron el \u00abretiro voluntario\u00bb, situaci\u00f3n que podr\u00eda ayudar a descomprimir la incertidumbre que reina entre los trabajadores. Igualmente, el mercado de venta de motos 0KM sigue muy deprimido y los costos de producci\u00f3n se mantienen muy altos, con lo cual la estrategia que tomar\u00e1 la empresa para superar esta tormenta es una inc\u00f3gnita.<br \/>\n  La coyuntura tampoco ayuda. La previsi\u00f3n de recesi\u00f3n econ\u00f3mica y achicamiento de la base monetaria en circulaci\u00f3n lleva a la \u201cpar\u00e1lisis\u201d de muchos procesos productivos. El patentamiento de motos 0KM baj\u00f3 en septiembre 40% interanual y 3,4% en el acumulado de 2018, seg\u00fan la C\u00e1mara de Fabricantes del sector (Cafam). En septiembre se patentaron 36.743 unidades y entre enero y septiembre de 2018 se lleg\u00f3 a los 487.017 patentamientos.<br \/>\n  \u00abEl panorama dif\u00edcil que ven\u00edamos observando se pone m\u00e1s complejo, las turbulencias financieras que retraen la actividad econ\u00f3mica en general y nuestra actividad en particular, hace que hayamos tenido en septiembre una ca\u00edda interanual muy fuerte que resiente todas nuestra estructura comercial\u00bb, se\u00f1al\u00f3 el presidente de ACARA, Dante Alvarez.<\/p>\n<p><strong>En Protto, suspensiones<\/strong><br \/>\n  En tanto, hoy comienza la segunda semana de suspensiones de personal en la empresa Protto, dedicada a la fabricaci\u00f3n de llantas para camiones y acoplados. Vale recordar que la empresa decidi\u00f3 suspender a todos sus operarios (50, aproximadamente) por un plazo m\u00ednimo de 15 d\u00edas, en los que les pagar\u00e1 s\u00f3lo el 70% del sueldo.<br \/>\n  La suspensi\u00f3n de personal obedece a la decisi\u00f3n de no sobre stockearse ante un escenario de ventas deprimidas. En principio, la planta ubicada sobre avenida Illia volver\u00e1 a recibir a los trabajadores el martes 16 de octubre. La incertidumbre pasa por saber si el sector agroindustrial recuperar\u00e1 movimiento, dado que los principales clientes de Protto son las firmas que producen camiones y acoplados para el transporte de productos agropecuarios. El cord\u00f3n industrial de San Nicol\u00e1s-Ramallo registr\u00f3 una fuerte suba de la desocupaci\u00f3n, que pas\u00f3 del 6.6% al 9 por ciento, en los \u00faltimos tres meses seg\u00fan el Indec.<br \/>\n  En Ramallo tambi\u00e9n impera la incertidumbre merced a una situaci\u00f3n similar que atraviesan Fiplasto, Bunge y varias empresas radicadas en el Parque Comirsa.<\/p>\n","protected":false},"excerpt":{"rendered":"<p>Se espera que hoy haya novedades en relaci\u00f3n al futuro a corto plazo de los operarios de la planta Motomel. La Emilia, en un contexto de crisis por bajas ventas. Con un panorama similiar, los operarios de Protto inician este lunes la segunda semana de suspensi\u00f3n. Esta semana podr\u00eda haber novedades en cuanto al futuro [&hellip;]<\/p>\n","protected":false},"author":4,"featured_media":33363,"comment_status":"open","ping_status":"closed","sticky":false,"template":"","format":"standard","meta":{"om_disable_all_campaigns":false,"_jetpack_memberships_contains_paid_content":false,"footnotes":""},"categories":[621],"tags":[],"class_list":["post-41444","post","type-post","status-publish","format-standard","has-post-thumbnail","hentry","category-regionales"],"aioseo_notices":[],"gutentor_comment":0,"jetpack_featured_media_url":"https:\/\/eldiariodesanpedro.com.ar\/sitio\/wp-content\/uploads\/2018\/05\/f\u00e1brica-motomel.jpg","jetpack_shortlink":"https:\/\/wp.me\/p6RhLt-aMs","jetpack_sharing_enabled":true,"_links":{"self":[{"href":"https:\/\/eldiariodesanpedro.com.ar\/sitio\/wp-json\/wp\/v2\/posts\/41444","targetHints":{"allow":["GET"]}}],"collection":[{"href":"https:\/\/eldiariodesanpedro.com.ar\/sitio\/wp-json\/wp\/v2\/posts"}],"about":[{"href":"https:\/\/eldiariodesanpedro.com.ar\/sitio\/wp-json\/wp\/v2\/types\/post"}],"author":[{"embeddable":true,"href":"https:\/\/eldiariodesanpedro.com.ar\/sitio\/wp-json\/wp\/v2\/users\/4"}],"replies":[{"embeddable":true,"href":"https:\/\/eldiariodesanpedro.com.ar\/sitio\/wp-json\/wp\/v2\/comments?post=41444"}],"version-history":[{"count":1,"href":"https:\/\/eldiariodesanpedro.com.ar\/sitio\/wp-json\/wp\/v2\/posts\/41444\/revisions"}],"predecessor-version":[{"id":41447,"href":"https:\/\/eldiariodesanpedro.com.ar\/sitio\/wp-json\/wp\/v2\/posts\/41444\/revisions\/41447"}],"wp:featuredmedia":[{"embeddable":true,"href":"https:\/\/eldiariodesanpedro.com.ar\/sitio\/wp-json\/wp\/v2\/media\/33363"}],"wp:attachment":[{"href":"https:\/\/eldiariodesanpedro.com.ar\/sitio\/wp-json\/wp\/v2\/media?parent=41444"}],"wp:term":[{"taxonomy":"category","embeddable":true,"href":"https:\/\/eldiariodesanpedro.com.ar\/sitio\/wp-json\/wp\/v2\/categories?post=41444"},{"taxonomy":"post_tag","embeddable":true,"href":"https:\/\/eldiariodesanpedro.com.ar\/sitio\/wp-json\/wp\/v2\/tags?post=41444"}],"curies":[{"name":"wp","href":"https:\/\/api.w.org\/{rel}","templated":true}]}}