{"id":41427,"date":"2018-10-06T10:45:47","date_gmt":"2018-10-06T13:45:47","guid":{"rendered":"https:\/\/eldiariodesanpedro.com.ar\/sitio\/?p=41427"},"modified":"2018-10-06T10:45:47","modified_gmt":"2018-10-06T13:45:47","slug":"se-denunciaron-dos-hechos-de-robos-a-viviendas","status":"publish","type":"post","link":"https:\/\/eldiariodesanpedro.com.ar\/sitio\/se-denunciaron-dos-hechos-de-robos-a-viviendas\/","title":{"rendered":"Se denunciaron dos hechos de robos a viviendas"},"content":{"rendered":"<p><!-- VideographyWP Plugin Message: Automatic video embedding prevented by plugin options. --><br \/>\nSeg\u00fan el parte policial, durante el d\u00eda viernes se realizaron dos denuncias por robo. Una motocicleta y el faltante de un televisor, documentos y dinero en efectivo.<\/p>\n<p>En primeras horas de la ma\u00f1ana, una mujer de 46 a\u00f1os de edad, se encontraba en su vivienda sobre calle Auli al 1000, cuando constat\u00f3 el faltante de su motocicleta 110 cc, la cual se hallaba estacionada en el interior del garaje. <\/p>\n<p>Horas mas tarde, otra mujer de 50, denuncio que delincuentes ingresaron a su domicilio, sito en calle H. Irigoyen al 2000 tras forzar la puerta de ingreso.<\/p>\n<p>La mujer no se encontraba en el lugar al momento del hecho y constat\u00f3 el faltante de un televisor, documentos y dinero en efectivo. <\/p>\n","protected":false},"excerpt":{"rendered":"<p>Seg\u00fan el parte policial, durante el d\u00eda viernes se realizaron dos denuncias por robo. Una motocicleta y el faltante de un televisor, documentos y dinero en efectivo. En primeras horas de la ma\u00f1ana, una mujer de 46 a\u00f1os de edad, se encontraba en su vivienda sobre calle Auli al 1000, cuando constat\u00f3 el faltante de [&hellip;]<\/p>\n","protected":false},"author":4,"featured_media":23313,"comment_status":"open","ping_status":"closed","sticky":false,"template":"","format":"standard","meta":{"om_disable_all_campaigns":false,"_jetpack_memberships_contains_paid_content":false,"footnotes":""},"categories":[2,103],"tags":[],"class_list":["post-41427","post","type-post","status-publish","format-standard","has-post-thumbnail","hentry","category-locales","category-policiales-locales"],"aioseo_notices":[],"gutentor_comment":0,"jetpack_featured_media_url":"https:\/\/eldiariodesanpedro.com.ar\/sitio\/wp-content\/uploads\/2017\/09\/patrulla-nocturna.jpg","jetpack_shortlink":"https:\/\/wp.me\/p6RhLt-aMb","jetpack_sharing_enabled":true,"_links":{"self":[{"href":"https:\/\/eldiariodesanpedro.com.ar\/sitio\/wp-json\/wp\/v2\/posts\/41427","targetHints":{"allow":["GET"]}}],"collection":[{"href":"https:\/\/eldiariodesanpedro.com.ar\/sitio\/wp-json\/wp\/v2\/posts"}],"about":[{"href":"https:\/\/eldiariodesanpedro.com.ar\/sitio\/wp-json\/wp\/v2\/types\/post"}],"author":[{"embeddable":true,"href":"https:\/\/eldiariodesanpedro.com.ar\/sitio\/wp-json\/wp\/v2\/users\/4"}],"replies":[{"embeddable":true,"href":"https:\/\/eldiariodesanpedro.com.ar\/sitio\/wp-json\/wp\/v2\/comments?post=41427"}],"version-history":[{"count":1,"href":"https:\/\/eldiariodesanpedro.com.ar\/sitio\/wp-json\/wp\/v2\/posts\/41427\/revisions"}],"predecessor-version":[{"id":41428,"href":"https:\/\/eldiariodesanpedro.com.ar\/sitio\/wp-json\/wp\/v2\/posts\/41427\/revisions\/41428"}],"wp:featuredmedia":[{"embeddable":true,"href":"https:\/\/eldiariodesanpedro.com.ar\/sitio\/wp-json\/wp\/v2\/media\/23313"}],"wp:attachment":[{"href":"https:\/\/eldiariodesanpedro.com.ar\/sitio\/wp-json\/wp\/v2\/media?parent=41427"}],"wp:term":[{"taxonomy":"category","embeddable":true,"href":"https:\/\/eldiariodesanpedro.com.ar\/sitio\/wp-json\/wp\/v2\/categories?post=41427"},{"taxonomy":"post_tag","embeddable":true,"href":"https:\/\/eldiariodesanpedro.com.ar\/sitio\/wp-json\/wp\/v2\/tags?post=41427"}],"curies":[{"name":"wp","href":"https:\/\/api.w.org\/{rel}","templated":true}]}}