{"id":41419,"date":"2018-10-06T10:21:38","date_gmt":"2018-10-06T13:21:38","guid":{"rendered":"https:\/\/eldiariodesanpedro.com.ar\/sitio\/?p=41419"},"modified":"2018-10-06T10:21:38","modified_gmt":"2018-10-06T13:21:38","slug":"gobernador-castro-robaron-dinero-en-un-comercio-la-policia-realizo-allanamientos","status":"publish","type":"post","link":"https:\/\/eldiariodesanpedro.com.ar\/sitio\/gobernador-castro-robaron-dinero-en-un-comercio-la-policia-realizo-allanamientos\/","title":{"rendered":"Gobernador Castro: Robaron dinero en un comercio; la polic\u00eda realiz\u00f3 allanamientos"},"content":{"rendered":"<p><!-- VideographyWP Plugin Message: Automatic video embedding prevented by plugin options. --><br \/>\nLos efectivos realizaron actividades en la localidad vecina de Gobernador Castro, una diligencia de allanamiento resultando positiva y la investigaci\u00f3n de un robo a un comercio.<\/p>\n<p>Por la ma\u00f1ana del viernes, personal policial de comisar\u00eda y del destacamento policial de Gobernador Castro, diligenci\u00f3 una orden de allanamiento extendido por la Justicia ordinaria en calle Mansilla de esa localidad, en causa que tramita la fiscal\u00eda local.<\/p>\n<p>Arroj\u00f3 resultado positivo, y la polic\u00eda secuestr\u00f3 un arma de fuego tipo revolver, quedando a disposici\u00f3n de la justicia. Su moradora, una mujer de 47 a\u00f1os de edad, queda sometida al proceso judicial.  <\/p>\n<p>Tambi\u00e9n por la ma\u00f1ana, el Destacamento de Castro es alertado por un llamado y se comisiona hasta calle San Mart\u00edn al 221, donde se entrevistan con una mujer de 34, quien refiere que al ingresar al comercio donde trabaja, constata que en horas de la noche, delincuentes ignorados, sin ejercer violencia, ingresaron y sustrajeron dinero en efectivo. <\/p>\n<p>Investiga el hecho la fiscal\u00eda en turno de San Pedro<\/p>\n","protected":false},"excerpt":{"rendered":"<p>Los efectivos realizaron actividades en la localidad vecina de Gobernador Castro, una diligencia de allanamiento resultando positiva y la investigaci\u00f3n de un robo a un comercio. Por la ma\u00f1ana del viernes, personal policial de comisar\u00eda y del destacamento policial de Gobernador Castro, diligenci\u00f3 una orden de allanamiento extendido por la Justicia ordinaria en calle Mansilla [&hellip;]<\/p>\n","protected":false},"author":4,"featured_media":3467,"comment_status":"open","ping_status":"closed","sticky":false,"template":"","format":"standard","meta":{"om_disable_all_campaigns":false,"_jetpack_memberships_contains_paid_content":false,"footnotes":""},"categories":[2,103],"tags":[],"class_list":["post-41419","post","type-post","status-publish","format-standard","has-post-thumbnail","hentry","category-locales","category-policiales-locales"],"aioseo_notices":[],"gutentor_comment":0,"jetpack_featured_media_url":"https:\/\/eldiariodesanpedro.com.ar\/sitio\/wp-content\/uploads\/2016\/04\/patrulla-rural-e1454594817773.jpg","jetpack_shortlink":"https:\/\/wp.me\/p6RhLt-aM3","jetpack_sharing_enabled":true,"_links":{"self":[{"href":"https:\/\/eldiariodesanpedro.com.ar\/sitio\/wp-json\/wp\/v2\/posts\/41419","targetHints":{"allow":["GET"]}}],"collection":[{"href":"https:\/\/eldiariodesanpedro.com.ar\/sitio\/wp-json\/wp\/v2\/posts"}],"about":[{"href":"https:\/\/eldiariodesanpedro.com.ar\/sitio\/wp-json\/wp\/v2\/types\/post"}],"author":[{"embeddable":true,"href":"https:\/\/eldiariodesanpedro.com.ar\/sitio\/wp-json\/wp\/v2\/users\/4"}],"replies":[{"embeddable":true,"href":"https:\/\/eldiariodesanpedro.com.ar\/sitio\/wp-json\/wp\/v2\/comments?post=41419"}],"version-history":[{"count":1,"href":"https:\/\/eldiariodesanpedro.com.ar\/sitio\/wp-json\/wp\/v2\/posts\/41419\/revisions"}],"predecessor-version":[{"id":41420,"href":"https:\/\/eldiariodesanpedro.com.ar\/sitio\/wp-json\/wp\/v2\/posts\/41419\/revisions\/41420"}],"wp:featuredmedia":[{"embeddable":true,"href":"https:\/\/eldiariodesanpedro.com.ar\/sitio\/wp-json\/wp\/v2\/media\/3467"}],"wp:attachment":[{"href":"https:\/\/eldiariodesanpedro.com.ar\/sitio\/wp-json\/wp\/v2\/media?parent=41419"}],"wp:term":[{"taxonomy":"category","embeddable":true,"href":"https:\/\/eldiariodesanpedro.com.ar\/sitio\/wp-json\/wp\/v2\/categories?post=41419"},{"taxonomy":"post_tag","embeddable":true,"href":"https:\/\/eldiariodesanpedro.com.ar\/sitio\/wp-json\/wp\/v2\/tags?post=41419"}],"curies":[{"name":"wp","href":"https:\/\/api.w.org\/{rel}","templated":true}]}}