{"id":41416,"date":"2018-10-06T09:43:39","date_gmt":"2018-10-06T12:43:39","guid":{"rendered":"https:\/\/eldiariodesanpedro.com.ar\/sitio\/?p=41416"},"modified":"2018-10-06T09:43:39","modified_gmt":"2018-10-06T12:43:39","slug":"incendiaron-una-casa-amenazaron-y-dispararon-a-su-propietario-finalmente-fueron-detenidos","status":"publish","type":"post","link":"https:\/\/eldiariodesanpedro.com.ar\/sitio\/incendiaron-una-casa-amenazaron-y-dispararon-a-su-propietario-finalmente-fueron-detenidos\/","title":{"rendered":"Incendiaron una casa, amenazaron y dispararon a su propietario; finalmente fueron detenidos"},"content":{"rendered":"<p><!-- VideographyWP Plugin Message: Automatic video embedding prevented by plugin options. --><br \/>\nTiros, incendio, persecuci\u00f3n; as\u00ed fue la tarde de este viernes. Dos personas bajaron de un autom\u00f3vil y prendieron fuego una vivienda, lo relataron vecinos testigos del hecho \u00abfue intencional\u00bb. Los agresores provocaron amenazas con armas a una mujer y efectuaron disparos contra su hijo que lograron herirlo con perdigones. Momentos m\u00e1s tardes fueron interceptados por la polic\u00eda y fueron detenidos.<\/p>\n<p>Luego del llamado a Bomberos que se estaba incendiando una vivienda de calle Alvear al 1600, efectivos policiales se hicieron presentes en el lugar y seg\u00fan testigos le contaron a las fuerzas que \u00abdos personas se bajaron de un falcon amarillo y rociaron con nafta la casa\u00bb.<\/p>\n<p>Finalmente en el marco de un amplio operativo del personal del gabinete criminol\u00f3gico, personal de comisar\u00eda y DDI local, en intersecci\u00f3n de las calles Alvear y Javier Rivero, aprehendieron a dos ciudadanos de 72 y 25 a\u00f1os de edad (padre e hijo), que circulaban en un autom\u00f3vil Ford Falc\u00f3n, donde en su interior se les secuestr\u00f3 una escopeta de gran calibre con municiones, una pistola con municiones, y telefon\u00eda celular.<\/p>\n<p>Se pudo confirmar que fueron los autores del siniestro a la vivienda de calle Alvear y que siguieron cometiendo distintos delitos en perjuicio de los moradores, ingresando a la vivienda, agredir a una mujer que se encontraba all\u00ed y le provocaron amenazas con dichas armas. Adem\u00e1s incendiaron tambi\u00e9n otra una vivienda ubicada en la parte posterior del domicilio, que pertenec\u00eda al hermano de esa mujer, y efectuaron disparos sobre la humanidad de este \u00faltimo provoc\u00e1ndole heridas leves por perdigones.<\/p>\n<p>Los aprehendidos permanecen alojados en sede policial, a espera de ser indagados. Investiga el hecho la fiscal\u00eda en turno de San Pedro.<\/p>\n<p><img decoding=\"async\" data-attachment-id=\"41417\" data-permalink=\"https:\/\/eldiariodesanpedro.com.ar\/sitio\/incendiaron-una-casa-amenazaron-y-dispararon-a-su-propietario-finalmente-fueron-detenidos\/whatsapp-image-2018-10-06-at-08-58-25\/\" data-orig-file=\"https:\/\/eldiariodesanpedro.com.ar\/sitio\/wp-content\/uploads\/2018\/10\/WhatsApp-Image-2018-10-06-at-08.58.25.jpeg\" data-orig-size=\"585,1040\" data-comments-opened=\"1\" data-image-meta=\"{&quot;aperture&quot;:&quot;0&quot;,&quot;credit&quot;:&quot;&quot;,&quot;camera&quot;:&quot;&quot;,&quot;caption&quot;:&quot;&quot;,&quot;created_timestamp&quot;:&quot;0&quot;,&quot;copyright&quot;:&quot;&quot;,&quot;focal_length&quot;:&quot;0&quot;,&quot;iso&quot;:&quot;0&quot;,&quot;shutter_speed&quot;:&quot;0&quot;,&quot;title&quot;:&quot;&quot;,&quot;orientation&quot;:&quot;0&quot;}\" data-image-title=\"WhatsApp Image 2018-10-06 at 08.58.25\" data-image-description=\"\" data-image-caption=\"\" data-large-file=\"https:\/\/eldiariodesanpedro.com.ar\/sitio\/wp-content\/uploads\/2018\/10\/WhatsApp-Image-2018-10-06-at-08.58.25-576x1024.jpeg\" data-src=\"https:\/\/eldiariodesanpedro.com.ar\/sitio\/wp-content\/uploads\/2018\/10\/WhatsApp-Image-2018-10-06-at-08.58.25-576x1024.jpeg\" alt=\"\" width=\"576\" height=\"1024\" class=\"alignnone size-large wp-image-41417 lazyload\" data-srcset=\"https:\/\/eldiariodesanpedro.com.ar\/sitio\/wp-content\/uploads\/2018\/10\/WhatsApp-Image-2018-10-06-at-08.58.25-576x1024.jpeg 576w, https:\/\/eldiariodesanpedro.com.ar\/sitio\/wp-content\/uploads\/2018\/10\/WhatsApp-Image-2018-10-06-at-08.58.25-169x300.jpeg 169w, https:\/\/eldiariodesanpedro.com.ar\/sitio\/wp-content\/uploads\/2018\/10\/WhatsApp-Image-2018-10-06-at-08.58.25.jpeg 585w\" data-sizes=\"(max-width: 576px) 100vw, 576px\" src=\"data:image\/svg+xml;base64,PHN2ZyB3aWR0aD0iMSIgaGVpZ2h0PSIxIiB4bWxucz0iaHR0cDovL3d3dy53My5vcmcvMjAwMC9zdmciPjwvc3ZnPg==\" style=\"--smush-placeholder-width: 576px; --smush-placeholder-aspect-ratio: 576\/1024;\" \/><\/p>\n","protected":false},"excerpt":{"rendered":"<p>Tiros, incendio, persecuci\u00f3n; as\u00ed fue la tarde de este viernes. Dos personas bajaron de un autom\u00f3vil y prendieron fuego una vivienda, lo relataron vecinos testigos del hecho \u00abfue intencional\u00bb. Los agresores provocaron amenazas con armas a una mujer y efectuaron disparos contra su hijo que lograron herirlo con perdigones. Momentos m\u00e1s tardes fueron interceptados por [&hellip;]<\/p>\n","protected":false},"author":4,"featured_media":39230,"comment_status":"open","ping_status":"closed","sticky":false,"template":"","format":"standard","meta":{"om_disable_all_campaigns":false,"_jetpack_memberships_contains_paid_content":false,"footnotes":""},"categories":[50,2,103],"tags":[],"class_list":["post-41416","post","type-post","status-publish","format-standard","has-post-thumbnail","hentry","category-destacadas","category-locales","category-policiales-locales"],"aioseo_notices":[],"gutentor_comment":0,"jetpack_featured_media_url":"https:\/\/eldiariodesanpedro.com.ar\/sitio\/wp-content\/uploads\/2018\/08\/patrullero-policia_3.jpg","jetpack_shortlink":"https:\/\/wp.me\/p6RhLt-aM0","jetpack_sharing_enabled":true,"_links":{"self":[{"href":"https:\/\/eldiariodesanpedro.com.ar\/sitio\/wp-json\/wp\/v2\/posts\/41416","targetHints":{"allow":["GET"]}}],"collection":[{"href":"https:\/\/eldiariodesanpedro.com.ar\/sitio\/wp-json\/wp\/v2\/posts"}],"about":[{"href":"https:\/\/eldiariodesanpedro.com.ar\/sitio\/wp-json\/wp\/v2\/types\/post"}],"author":[{"embeddable":true,"href":"https:\/\/eldiariodesanpedro.com.ar\/sitio\/wp-json\/wp\/v2\/users\/4"}],"replies":[{"embeddable":true,"href":"https:\/\/eldiariodesanpedro.com.ar\/sitio\/wp-json\/wp\/v2\/comments?post=41416"}],"version-history":[{"count":1,"href":"https:\/\/eldiariodesanpedro.com.ar\/sitio\/wp-json\/wp\/v2\/posts\/41416\/revisions"}],"predecessor-version":[{"id":41418,"href":"https:\/\/eldiariodesanpedro.com.ar\/sitio\/wp-json\/wp\/v2\/posts\/41416\/revisions\/41418"}],"wp:featuredmedia":[{"embeddable":true,"href":"https:\/\/eldiariodesanpedro.com.ar\/sitio\/wp-json\/wp\/v2\/media\/39230"}],"wp:attachment":[{"href":"https:\/\/eldiariodesanpedro.com.ar\/sitio\/wp-json\/wp\/v2\/media?parent=41416"}],"wp:term":[{"taxonomy":"category","embeddable":true,"href":"https:\/\/eldiariodesanpedro.com.ar\/sitio\/wp-json\/wp\/v2\/categories?post=41416"},{"taxonomy":"post_tag","embeddable":true,"href":"https:\/\/eldiariodesanpedro.com.ar\/sitio\/wp-json\/wp\/v2\/tags?post=41416"}],"curies":[{"name":"wp","href":"https:\/\/api.w.org\/{rel}","templated":true}]}}