{"id":41401,"date":"2018-10-05T20:50:59","date_gmt":"2018-10-05T23:50:59","guid":{"rendered":"https:\/\/eldiariodesanpedro.com.ar\/sitio\/?p=41401"},"modified":"2018-10-05T20:50:59","modified_gmt":"2018-10-05T23:50:59","slug":"escobar-banco-provincia-invertira-31-millones-para-remodelar-la-sucursal","status":"publish","type":"post","link":"https:\/\/eldiariodesanpedro.com.ar\/sitio\/escobar-banco-provincia-invertira-31-millones-para-remodelar-la-sucursal\/","title":{"rendered":"ESCOBAR: Banco Provincia invertir\u00e1 $31 millones para remodelar la sucursal"},"content":{"rendered":"<p><!-- VideographyWP Plugin Message: Automatic video embedding prevented by plugin options. --><br \/>\nEl directorio de la entidad confirm\u00f3 que se mantendr\u00e1 la atenci\u00f3n al p\u00fablico durante toda la obra. Se agregar\u00e1n cuatro terminales de autoservicio, un cajero autom\u00e1tico y puestos de orientaci\u00f3n comercial.<\/p>\n<p>  El directorio del Banco de la Provincia de Buenos Aires confirm\u00f3 la remodelaci\u00f3n integral de la sucursal de Escobar, con una inversi\u00f3n estimada de 31,6 millones de pesos.<br \/>\n  Ubicada en la esquina de avenida Tapia de Cruz e Hip\u00f3lito Yrigoyen, la filial cuenta con una superficie de 1.200 metros cuadrados que ser\u00e1 intervenida en su totalidad, aunque no trascendieron detalles al respecto.<br \/>\n  S\u00ed se supo que se incorporar\u00e1n un cajero autom\u00e1tico -actualmente tiene seis- y cuatro terminales de autoservicio. Tambi\u00e9n contar\u00e1 con doce puestos de atenci\u00f3n comercial, siete ventanillas de caja y un puesto de orientaci\u00f3n.<br \/>\n  A su vez, la sucursal ser\u00e1 equipada con sanitarios para discapacitados y diversas mejoras en su accesibilidad.<br \/>\n  La remodelaci\u00f3n de la sucursal de Escobar forma parte del Plan de Obras que Banco Provincia lanz\u00f3 a mediados de 2016 para renovar todos sus puntos de atenci\u00f3n al p\u00fablico, con una inversi\u00f3n estimada en 5.200 millones de pesos. Actualmente, se encuentran en proceso de remodelaci\u00f3n m\u00e1s de 20 filiales.<br \/>\n  \u201cPusimos en marcha el plan de obras m\u00e1s ambicioso en los 196 a\u00f1os de vida de Banco Provincia\u201d, indic\u00f3 el presidente de la entidad, Juan Curutchet, tras confirmar la remodelaci\u00f3n integral de la sede ubicada frente a la plaza principal de Bel\u00e9n de Escobar.<br \/>\n  Adem\u00e1s, remarc\u00f3 que \u201cla sucursal permanecer\u00e1 abierta durante toda la obra para garantizar el servicio\u201d.<\/p>\n<p>Fuente: El Dia de Escobar<\/p>\n","protected":false},"excerpt":{"rendered":"<p>El directorio de la entidad confirm\u00f3 que se mantendr\u00e1 la atenci\u00f3n al p\u00fablico durante toda la obra. Se agregar\u00e1n cuatro terminales de autoservicio, un cajero autom\u00e1tico y puestos de orientaci\u00f3n comercial. El directorio del Banco de la Provincia de Buenos Aires confirm\u00f3 la remodelaci\u00f3n integral de la sucursal de Escobar, con una inversi\u00f3n estimada de [&hellip;]<\/p>\n","protected":false},"author":4,"featured_media":41402,"comment_status":"open","ping_status":"closed","sticky":false,"template":"","format":"standard","meta":{"om_disable_all_campaigns":false,"_jetpack_memberships_contains_paid_content":false,"footnotes":""},"categories":[621],"tags":[],"class_list":["post-41401","post","type-post","status-publish","format-standard","has-post-thumbnail","hentry","category-regionales"],"aioseo_notices":[],"gutentor_comment":0,"jetpack_featured_media_url":"https:\/\/eldiariodesanpedro.com.ar\/sitio\/wp-content\/uploads\/2018\/10\/Banco-Provincia-realiza-inversiones-.jpg","jetpack_shortlink":"https:\/\/wp.me\/p6RhLt-aLL","jetpack_sharing_enabled":true,"_links":{"self":[{"href":"https:\/\/eldiariodesanpedro.com.ar\/sitio\/wp-json\/wp\/v2\/posts\/41401","targetHints":{"allow":["GET"]}}],"collection":[{"href":"https:\/\/eldiariodesanpedro.com.ar\/sitio\/wp-json\/wp\/v2\/posts"}],"about":[{"href":"https:\/\/eldiariodesanpedro.com.ar\/sitio\/wp-json\/wp\/v2\/types\/post"}],"author":[{"embeddable":true,"href":"https:\/\/eldiariodesanpedro.com.ar\/sitio\/wp-json\/wp\/v2\/users\/4"}],"replies":[{"embeddable":true,"href":"https:\/\/eldiariodesanpedro.com.ar\/sitio\/wp-json\/wp\/v2\/comments?post=41401"}],"version-history":[{"count":1,"href":"https:\/\/eldiariodesanpedro.com.ar\/sitio\/wp-json\/wp\/v2\/posts\/41401\/revisions"}],"predecessor-version":[{"id":41404,"href":"https:\/\/eldiariodesanpedro.com.ar\/sitio\/wp-json\/wp\/v2\/posts\/41401\/revisions\/41404"}],"wp:featuredmedia":[{"embeddable":true,"href":"https:\/\/eldiariodesanpedro.com.ar\/sitio\/wp-json\/wp\/v2\/media\/41402"}],"wp:attachment":[{"href":"https:\/\/eldiariodesanpedro.com.ar\/sitio\/wp-json\/wp\/v2\/media?parent=41401"}],"wp:term":[{"taxonomy":"category","embeddable":true,"href":"https:\/\/eldiariodesanpedro.com.ar\/sitio\/wp-json\/wp\/v2\/categories?post=41401"},{"taxonomy":"post_tag","embeddable":true,"href":"https:\/\/eldiariodesanpedro.com.ar\/sitio\/wp-json\/wp\/v2\/tags?post=41401"}],"curies":[{"name":"wp","href":"https:\/\/api.w.org\/{rel}","templated":true}]}}