{"id":41399,"date":"2018-10-05T20:50:23","date_gmt":"2018-10-05T23:50:23","guid":{"rendered":"https:\/\/eldiariodesanpedro.com.ar\/sitio\/?p=41399"},"modified":"2018-10-05T20:50:23","modified_gmt":"2018-10-05T23:50:23","slug":"baradero-seis-anos-de-condena-para-un-imputado-por-venta-de-droga","status":"publish","type":"post","link":"https:\/\/eldiariodesanpedro.com.ar\/sitio\/baradero-seis-anos-de-condena-para-un-imputado-por-venta-de-droga\/","title":{"rendered":"BARADERO: Seis a\u00f1os de condena para un imputado por venta de droga"},"content":{"rendered":"<p><!-- VideographyWP Plugin Message: Automatic video embedding prevented by plugin options. --><br \/>\nLa causa se inici\u00f3 en 2017 cuando la polic\u00eda detuvo a un sujeto en un comercio c\u00e9ntrico. Fue acusado por comercializaci\u00f3n de estupefacientes. Le encontraron droga y marihuana.<\/p>\n<p>  Ayer por la ma\u00f1ana, a trav\u00e9s de Tu Radio, el Fiscal Vicente G\u00f3mez se\u00f1al\u00f3 que \u201cel viernes en San Nicol\u00e1s, se conoci\u00f3 el fallo en primera instancia y fue condenado a seis a\u00f1os de cumplimiento efectivo\u201d.<br \/>\n  \u201cAclar\u00f3 que la pena no est\u00e1 firme por lo cual todav\u00eda esta persona est\u00e1 en libertad\u201d, expres\u00f3.<br \/>\n  Est\u00e1 acusado de comercializaci\u00f3n de droga luego de ser detenido el 18 de abril de 2017 en un comercio de San Mart\u00edn al 1000.<br \/>\n  La Polic\u00eda procedi\u00f3 a la detenci\u00f3n de este sujeto y en el lugar se secuestr\u00f3 \u201cmarihuana y coca\u00edna\u201d ubicadas en \u201cun cuadro de publicidad\u201d.<\/p>\n<p>Fuente: Tu L\u00ednea Directa<\/p>\n","protected":false},"excerpt":{"rendered":"<p>La causa se inici\u00f3 en 2017 cuando la polic\u00eda detuvo a un sujeto en un comercio c\u00e9ntrico. Fue acusado por comercializaci\u00f3n de estupefacientes. Le encontraron droga y marihuana. Ayer por la ma\u00f1ana, a trav\u00e9s de Tu Radio, el Fiscal Vicente G\u00f3mez se\u00f1al\u00f3 que \u201cel viernes en San Nicol\u00e1s, se conoci\u00f3 el fallo en primera instancia [&hellip;]<\/p>\n","protected":false},"author":4,"featured_media":24562,"comment_status":"open","ping_status":"closed","sticky":false,"template":"","format":"standard","meta":{"om_disable_all_campaigns":false,"_jetpack_memberships_contains_paid_content":false,"footnotes":""},"categories":[621],"tags":[],"class_list":["post-41399","post","type-post","status-publish","format-standard","has-post-thumbnail","hentry","category-regionales"],"aioseo_notices":[],"gutentor_comment":0,"jetpack_featured_media_url":"https:\/\/eldiariodesanpedro.com.ar\/sitio\/wp-content\/uploads\/2017\/10\/policia-patrulla-noche.jpg","jetpack_shortlink":"https:\/\/wp.me\/p6RhLt-aLJ","jetpack_sharing_enabled":true,"_links":{"self":[{"href":"https:\/\/eldiariodesanpedro.com.ar\/sitio\/wp-json\/wp\/v2\/posts\/41399","targetHints":{"allow":["GET"]}}],"collection":[{"href":"https:\/\/eldiariodesanpedro.com.ar\/sitio\/wp-json\/wp\/v2\/posts"}],"about":[{"href":"https:\/\/eldiariodesanpedro.com.ar\/sitio\/wp-json\/wp\/v2\/types\/post"}],"author":[{"embeddable":true,"href":"https:\/\/eldiariodesanpedro.com.ar\/sitio\/wp-json\/wp\/v2\/users\/4"}],"replies":[{"embeddable":true,"href":"https:\/\/eldiariodesanpedro.com.ar\/sitio\/wp-json\/wp\/v2\/comments?post=41399"}],"version-history":[{"count":1,"href":"https:\/\/eldiariodesanpedro.com.ar\/sitio\/wp-json\/wp\/v2\/posts\/41399\/revisions"}],"predecessor-version":[{"id":41403,"href":"https:\/\/eldiariodesanpedro.com.ar\/sitio\/wp-json\/wp\/v2\/posts\/41399\/revisions\/41403"}],"wp:featuredmedia":[{"embeddable":true,"href":"https:\/\/eldiariodesanpedro.com.ar\/sitio\/wp-json\/wp\/v2\/media\/24562"}],"wp:attachment":[{"href":"https:\/\/eldiariodesanpedro.com.ar\/sitio\/wp-json\/wp\/v2\/media?parent=41399"}],"wp:term":[{"taxonomy":"category","embeddable":true,"href":"https:\/\/eldiariodesanpedro.com.ar\/sitio\/wp-json\/wp\/v2\/categories?post=41399"},{"taxonomy":"post_tag","embeddable":true,"href":"https:\/\/eldiariodesanpedro.com.ar\/sitio\/wp-json\/wp\/v2\/tags?post=41399"}],"curies":[{"name":"wp","href":"https:\/\/api.w.org\/{rel}","templated":true}]}}