{"id":41396,"date":"2018-10-05T20:49:23","date_gmt":"2018-10-05T23:49:23","guid":{"rendered":"https:\/\/eldiariodesanpedro.com.ar\/sitio\/?p=41396"},"modified":"2018-10-05T20:49:23","modified_gmt":"2018-10-05T23:49:23","slug":"baradero-rescindieron-el-contrato-del-balneario-sur","status":"publish","type":"post","link":"https:\/\/eldiariodesanpedro.com.ar\/sitio\/baradero-rescindieron-el-contrato-del-balneario-sur\/","title":{"rendered":"BARADERO: Rescindieron el contrato del Balneario Sur"},"content":{"rendered":"<p><!-- VideographyWP Plugin Message: Automatic video embedding prevented by plugin options. --><br \/>\nLo decidi\u00f3 el Concejo Deliberante anoche y por mayor\u00eda. De esta manera la Municipalidad le quit\u00f3 la explotaci\u00f3n al empresario Lema y la firma Termocom.<\/p>\n<p>  Sostienen que no cumpli\u00f3 con los requisitos e inversiones que estaban previstas en la licitaci\u00f3n del a\u00f1o 2010.<br \/>\n  Ahora la Municipalidad definir\u00e1 si otorga el predio a entidades de bien p\u00fablico o cerrar\u00e1 moment\u00e1neamente las puertas del lugar.<br \/>\n  Desde la oposici\u00f3n cuestionaron la decisi\u00f3n se\u00f1alando que \u201cdeb\u00edan haberlo hecho antes y no a dos meses de iniciarse la temporada de verano\u201d.<\/p>\n<p>Fuente: Tu L\u00ednea Directa<\/p>\n","protected":false},"excerpt":{"rendered":"<p>Lo decidi\u00f3 el Concejo Deliberante anoche y por mayor\u00eda. De esta manera la Municipalidad le quit\u00f3 la explotaci\u00f3n al empresario Lema y la firma Termocom. Sostienen que no cumpli\u00f3 con los requisitos e inversiones que estaban previstas en la licitaci\u00f3n del a\u00f1o 2010. Ahora la Municipalidad definir\u00e1 si otorga el predio a entidades de bien [&hellip;]<\/p>\n","protected":false},"author":4,"featured_media":41398,"comment_status":"open","ping_status":"closed","sticky":false,"template":"","format":"standard","meta":{"om_disable_all_campaigns":false,"_jetpack_memberships_contains_paid_content":false,"footnotes":""},"categories":[621],"tags":[],"class_list":["post-41396","post","type-post","status-publish","format-standard","has-post-thumbnail","hentry","category-regionales"],"aioseo_notices":[],"gutentor_comment":0,"jetpack_featured_media_url":"https:\/\/eldiariodesanpedro.com.ar\/sitio\/wp-content\/uploads\/2018\/10\/baradero-Rescindieron-el-contrato-del-Balneario-Sur.jpg","jetpack_shortlink":"https:\/\/wp.me\/p6RhLt-aLG","jetpack_sharing_enabled":true,"_links":{"self":[{"href":"https:\/\/eldiariodesanpedro.com.ar\/sitio\/wp-json\/wp\/v2\/posts\/41396","targetHints":{"allow":["GET"]}}],"collection":[{"href":"https:\/\/eldiariodesanpedro.com.ar\/sitio\/wp-json\/wp\/v2\/posts"}],"about":[{"href":"https:\/\/eldiariodesanpedro.com.ar\/sitio\/wp-json\/wp\/v2\/types\/post"}],"author":[{"embeddable":true,"href":"https:\/\/eldiariodesanpedro.com.ar\/sitio\/wp-json\/wp\/v2\/users\/4"}],"replies":[{"embeddable":true,"href":"https:\/\/eldiariodesanpedro.com.ar\/sitio\/wp-json\/wp\/v2\/comments?post=41396"}],"version-history":[{"count":1,"href":"https:\/\/eldiariodesanpedro.com.ar\/sitio\/wp-json\/wp\/v2\/posts\/41396\/revisions"}],"predecessor-version":[{"id":41400,"href":"https:\/\/eldiariodesanpedro.com.ar\/sitio\/wp-json\/wp\/v2\/posts\/41396\/revisions\/41400"}],"wp:featuredmedia":[{"embeddable":true,"href":"https:\/\/eldiariodesanpedro.com.ar\/sitio\/wp-json\/wp\/v2\/media\/41398"}],"wp:attachment":[{"href":"https:\/\/eldiariodesanpedro.com.ar\/sitio\/wp-json\/wp\/v2\/media?parent=41396"}],"wp:term":[{"taxonomy":"category","embeddable":true,"href":"https:\/\/eldiariodesanpedro.com.ar\/sitio\/wp-json\/wp\/v2\/categories?post=41396"},{"taxonomy":"post_tag","embeddable":true,"href":"https:\/\/eldiariodesanpedro.com.ar\/sitio\/wp-json\/wp\/v2\/tags?post=41396"}],"curies":[{"name":"wp","href":"https:\/\/api.w.org\/{rel}","templated":true}]}}