{"id":41392,"date":"2018-10-05T20:46:56","date_gmt":"2018-10-05T23:46:56","guid":{"rendered":"https:\/\/eldiariodesanpedro.com.ar\/sitio\/?p=41392"},"modified":"2018-10-05T20:46:56","modified_gmt":"2018-10-05T23:46:56","slug":"san-antonio-de-areco-colectivo-incendiado-a-la-altura-del-peaje-solis","status":"publish","type":"post","link":"https:\/\/eldiariodesanpedro.com.ar\/sitio\/san-antonio-de-areco-colectivo-incendiado-a-la-altura-del-peaje-solis\/","title":{"rendered":"SAN ANTONIO DE ARECO: Colectivo incendiado a la altura del peaje solis"},"content":{"rendered":"<p><!-- VideographyWP Plugin Message: Automatic video embedding prevented by plugin options. --><br \/>\nTodos quienes viajaban en este transporte pudieron bajar sin ning\u00fan da\u00f1o.<\/p>\n<p>  Un micro de la empresa ruta bus se incendi\u00f3 en su totalidad, este se dirig\u00eda hacia Pilar, pocos metros luego de pasar el peaje, \u00e9ste tom\u00f3 fuego pudiendo el chofer ir hacia la banquina. <\/p>\n","protected":false},"excerpt":{"rendered":"<p>Todos quienes viajaban en este transporte pudieron bajar sin ning\u00fan da\u00f1o. Un micro de la empresa ruta bus se incendi\u00f3 en su totalidad, este se dirig\u00eda hacia Pilar, pocos metros luego de pasar el peaje, \u00e9ste tom\u00f3 fuego pudiendo el chofer ir hacia la banquina.<\/p>\n","protected":false},"author":4,"featured_media":41394,"comment_status":"open","ping_status":"closed","sticky":false,"template":"","format":"standard","meta":{"om_disable_all_campaigns":false,"_jetpack_memberships_contains_paid_content":false,"footnotes":""},"categories":[621],"tags":[],"class_list":["post-41392","post","type-post","status-publish","format-standard","has-post-thumbnail","hentry","category-regionales"],"aioseo_notices":[],"gutentor_comment":0,"jetpack_featured_media_url":"https:\/\/eldiariodesanpedro.com.ar\/sitio\/wp-content\/uploads\/2018\/10\/El-colectivo-incendiado.jpg","jetpack_shortlink":"https:\/\/wp.me\/p6RhLt-aLC","jetpack_sharing_enabled":true,"_links":{"self":[{"href":"https:\/\/eldiariodesanpedro.com.ar\/sitio\/wp-json\/wp\/v2\/posts\/41392","targetHints":{"allow":["GET"]}}],"collection":[{"href":"https:\/\/eldiariodesanpedro.com.ar\/sitio\/wp-json\/wp\/v2\/posts"}],"about":[{"href":"https:\/\/eldiariodesanpedro.com.ar\/sitio\/wp-json\/wp\/v2\/types\/post"}],"author":[{"embeddable":true,"href":"https:\/\/eldiariodesanpedro.com.ar\/sitio\/wp-json\/wp\/v2\/users\/4"}],"replies":[{"embeddable":true,"href":"https:\/\/eldiariodesanpedro.com.ar\/sitio\/wp-json\/wp\/v2\/comments?post=41392"}],"version-history":[{"count":1,"href":"https:\/\/eldiariodesanpedro.com.ar\/sitio\/wp-json\/wp\/v2\/posts\/41392\/revisions"}],"predecessor-version":[{"id":41397,"href":"https:\/\/eldiariodesanpedro.com.ar\/sitio\/wp-json\/wp\/v2\/posts\/41392\/revisions\/41397"}],"wp:featuredmedia":[{"embeddable":true,"href":"https:\/\/eldiariodesanpedro.com.ar\/sitio\/wp-json\/wp\/v2\/media\/41394"}],"wp:attachment":[{"href":"https:\/\/eldiariodesanpedro.com.ar\/sitio\/wp-json\/wp\/v2\/media?parent=41392"}],"wp:term":[{"taxonomy":"category","embeddable":true,"href":"https:\/\/eldiariodesanpedro.com.ar\/sitio\/wp-json\/wp\/v2\/categories?post=41392"},{"taxonomy":"post_tag","embeddable":true,"href":"https:\/\/eldiariodesanpedro.com.ar\/sitio\/wp-json\/wp\/v2\/tags?post=41392"}],"curies":[{"name":"wp","href":"https:\/\/api.w.org\/{rel}","templated":true}]}}