{"id":41390,"date":"2018-10-05T20:46:06","date_gmt":"2018-10-05T23:46:06","guid":{"rendered":"https:\/\/eldiariodesanpedro.com.ar\/sitio\/?p=41390"},"modified":"2018-10-05T20:46:06","modified_gmt":"2018-10-05T23:46:06","slug":"san-nicolas-allanamiento-positivo-tras-un-robo-calificado","status":"publish","type":"post","link":"https:\/\/eldiariodesanpedro.com.ar\/sitio\/san-nicolas-allanamiento-positivo-tras-un-robo-calificado\/","title":{"rendered":"SAN NICOL\u00c1S: Allanamiento positivo tras un robo calificado"},"content":{"rendered":"<p><!-- VideographyWP Plugin Message: Automatic video embedding prevented by plugin options. --><br \/>\nPersonal de la DDI local a cargo del Crio. Mayor Ra\u00fal Hevia junto a la UFI N\u00ba 6 del Dr. Dar\u00edo Giagnorio, llevaron adelante un allanamiento por un hecho de Robo Calificado ocurrido el pasado 21 de septiembre.<\/p>\n<p>  La diligencia, otorgada por el Juzgado de Garant\u00edas, fue realizada en calle Otero al 100.<br \/>\n  En el lugar se secuestr\u00f3 una pistola calibre 9mm Bersa Thunder Ultra compacta , con cargador y 8 proyectiles intactos. Tambi\u00e9n se aprehendi\u00f3 al sujeto que estaba siendo investigado quien se resisti\u00f3 y comenz\u00f3 a insultar al personal policial. Fue reducido y qued\u00f3 imputado por Robo Calificado, Tenencia de Arma de fuego de Guerra y Resistencia a la Autoridad.<\/p>\n<p>Fuente: Diario El Informante<\/p>\n","protected":false},"excerpt":{"rendered":"<p>Personal de la DDI local a cargo del Crio. Mayor Ra\u00fal Hevia junto a la UFI N\u00ba 6 del Dr. Dar\u00edo Giagnorio, llevaron adelante un allanamiento por un hecho de Robo Calificado ocurrido el pasado 21 de septiembre. La diligencia, otorgada por el Juzgado de Garant\u00edas, fue realizada en calle Otero al 100. En el [&hellip;]<\/p>\n","protected":false},"author":4,"featured_media":41393,"comment_status":"open","ping_status":"closed","sticky":false,"template":"","format":"standard","meta":{"om_disable_all_campaigns":false,"_jetpack_memberships_contains_paid_content":false,"footnotes":""},"categories":[621],"tags":[],"class_list":["post-41390","post","type-post","status-publish","format-standard","has-post-thumbnail","hentry","category-regionales"],"aioseo_notices":[],"gutentor_comment":0,"jetpack_featured_media_url":"https:\/\/eldiariodesanpedro.com.ar\/sitio\/wp-content\/uploads\/2018\/10\/Allanamiento-positivo-tras-un-robo-calificado.jpg","jetpack_shortlink":"https:\/\/wp.me\/p6RhLt-aLA","jetpack_sharing_enabled":true,"_links":{"self":[{"href":"https:\/\/eldiariodesanpedro.com.ar\/sitio\/wp-json\/wp\/v2\/posts\/41390","targetHints":{"allow":["GET"]}}],"collection":[{"href":"https:\/\/eldiariodesanpedro.com.ar\/sitio\/wp-json\/wp\/v2\/posts"}],"about":[{"href":"https:\/\/eldiariodesanpedro.com.ar\/sitio\/wp-json\/wp\/v2\/types\/post"}],"author":[{"embeddable":true,"href":"https:\/\/eldiariodesanpedro.com.ar\/sitio\/wp-json\/wp\/v2\/users\/4"}],"replies":[{"embeddable":true,"href":"https:\/\/eldiariodesanpedro.com.ar\/sitio\/wp-json\/wp\/v2\/comments?post=41390"}],"version-history":[{"count":1,"href":"https:\/\/eldiariodesanpedro.com.ar\/sitio\/wp-json\/wp\/v2\/posts\/41390\/revisions"}],"predecessor-version":[{"id":41395,"href":"https:\/\/eldiariodesanpedro.com.ar\/sitio\/wp-json\/wp\/v2\/posts\/41390\/revisions\/41395"}],"wp:featuredmedia":[{"embeddable":true,"href":"https:\/\/eldiariodesanpedro.com.ar\/sitio\/wp-json\/wp\/v2\/media\/41393"}],"wp:attachment":[{"href":"https:\/\/eldiariodesanpedro.com.ar\/sitio\/wp-json\/wp\/v2\/media?parent=41390"}],"wp:term":[{"taxonomy":"category","embeddable":true,"href":"https:\/\/eldiariodesanpedro.com.ar\/sitio\/wp-json\/wp\/v2\/categories?post=41390"},{"taxonomy":"post_tag","embeddable":true,"href":"https:\/\/eldiariodesanpedro.com.ar\/sitio\/wp-json\/wp\/v2\/tags?post=41390"}],"curies":[{"name":"wp","href":"https:\/\/api.w.org\/{rel}","templated":true}]}}