{"id":41387,"date":"2018-10-05T20:44:30","date_gmt":"2018-10-05T23:44:30","guid":{"rendered":"https:\/\/eldiariodesanpedro.com.ar\/sitio\/?p=41387"},"modified":"2018-10-05T20:44:30","modified_gmt":"2018-10-05T23:44:30","slug":"ramallo-fallecio-el-hombre-del-incendio-en-villa-gral-savio","status":"publish","type":"post","link":"https:\/\/eldiariodesanpedro.com.ar\/sitio\/ramallo-fallecio-el-hombre-del-incendio-en-villa-gral-savio\/","title":{"rendered":"RAMALLO: Falleci\u00f3 el hombre del incendio en Villa Gral. Savio"},"content":{"rendered":"<p><!-- VideographyWP Plugin Message: Automatic video embedding prevented by plugin options. --><br \/>\nEste jueves por la tarde muri\u00f3 Jos\u00e9 Gonz\u00e1lez, de 36 a\u00f1os, el muchacho discapacitado que hab\u00eda sufrido quemaduras en gran parte de su cuerpo ayer cuando se incendi\u00f3 su casa de Malvinas Argentinas s\/n de la vecina localidad.<\/p>\n<p>  Este mi\u00e9rcoles la polic\u00eda de Villa Gral. Savio recibi\u00f3 un llamado alertando de un incendio en una casa de la calle Malvinas Argentinas. Al lugar asistieron los bomberos de Villa Ramallo que encontraron fuego en una de las habitaciones y a Jorge Gonz\u00e1lez, un hombre de 36 a\u00f1os que sufr\u00eda una discapacidad que le imped\u00eda movilizarse por sus propios medios. Esta persona, que estaba sola porque su pap\u00e1 hab\u00eda salido hasta la casa de su hermana, fue rescatada con quemaduras en el 90 por ciento de su cuerpo. Posteriormente fue trasladado al hospital donde falleci\u00f3 este jueves alrededor de las 14.30 horas.<br \/>\n  El fuego se habr\u00eda originado por una vela que su pap\u00e1 le encend\u00eda a una virgen. El hombre hab\u00eda salido de su casa y al regresar se encontr\u00f3 con el horrible escenario. <\/p>\n<p>Fuente: Metafm<\/p>\n","protected":false},"excerpt":{"rendered":"<p>Este jueves por la tarde muri\u00f3 Jos\u00e9 Gonz\u00e1lez, de 36 a\u00f1os, el muchacho discapacitado que hab\u00eda sufrido quemaduras en gran parte de su cuerpo ayer cuando se incendi\u00f3 su casa de Malvinas Argentinas s\/n de la vecina localidad. Este mi\u00e9rcoles la polic\u00eda de Villa Gral. Savio recibi\u00f3 un llamado alertando de un incendio en una [&hellip;]<\/p>\n","protected":false},"author":4,"featured_media":41389,"comment_status":"open","ping_status":"closed","sticky":false,"template":"","format":"standard","meta":{"om_disable_all_campaigns":false,"_jetpack_memberships_contains_paid_content":false,"footnotes":""},"categories":[621],"tags":[],"class_list":["post-41387","post","type-post","status-publish","format-standard","has-post-thumbnail","hentry","category-regionales"],"aioseo_notices":[],"gutentor_comment":0,"jetpack_featured_media_url":"https:\/\/eldiariodesanpedro.com.ar\/sitio\/wp-content\/uploads\/2018\/10\/bomberos-voluntarios-ramallo.jpg","jetpack_shortlink":"https:\/\/wp.me\/p6RhLt-aLx","jetpack_sharing_enabled":true,"_links":{"self":[{"href":"https:\/\/eldiariodesanpedro.com.ar\/sitio\/wp-json\/wp\/v2\/posts\/41387","targetHints":{"allow":["GET"]}}],"collection":[{"href":"https:\/\/eldiariodesanpedro.com.ar\/sitio\/wp-json\/wp\/v2\/posts"}],"about":[{"href":"https:\/\/eldiariodesanpedro.com.ar\/sitio\/wp-json\/wp\/v2\/types\/post"}],"author":[{"embeddable":true,"href":"https:\/\/eldiariodesanpedro.com.ar\/sitio\/wp-json\/wp\/v2\/users\/4"}],"replies":[{"embeddable":true,"href":"https:\/\/eldiariodesanpedro.com.ar\/sitio\/wp-json\/wp\/v2\/comments?post=41387"}],"version-history":[{"count":1,"href":"https:\/\/eldiariodesanpedro.com.ar\/sitio\/wp-json\/wp\/v2\/posts\/41387\/revisions"}],"predecessor-version":[{"id":41391,"href":"https:\/\/eldiariodesanpedro.com.ar\/sitio\/wp-json\/wp\/v2\/posts\/41387\/revisions\/41391"}],"wp:featuredmedia":[{"embeddable":true,"href":"https:\/\/eldiariodesanpedro.com.ar\/sitio\/wp-json\/wp\/v2\/media\/41389"}],"wp:attachment":[{"href":"https:\/\/eldiariodesanpedro.com.ar\/sitio\/wp-json\/wp\/v2\/media?parent=41387"}],"wp:term":[{"taxonomy":"category","embeddable":true,"href":"https:\/\/eldiariodesanpedro.com.ar\/sitio\/wp-json\/wp\/v2\/categories?post=41387"},{"taxonomy":"post_tag","embeddable":true,"href":"https:\/\/eldiariodesanpedro.com.ar\/sitio\/wp-json\/wp\/v2\/tags?post=41387"}],"curies":[{"name":"wp","href":"https:\/\/api.w.org\/{rel}","templated":true}]}}