{"id":41385,"date":"2018-10-05T20:42:21","date_gmt":"2018-10-05T23:42:21","guid":{"rendered":"https:\/\/eldiariodesanpedro.com.ar\/sitio\/?p=41385"},"modified":"2018-10-05T20:42:22","modified_gmt":"2018-10-05T23:42:22","slug":"el-dr-joaquin-castro-asumio-como-defensor-oficial","status":"publish","type":"post","link":"https:\/\/eldiariodesanpedro.com.ar\/sitio\/el-dr-joaquin-castro-asumio-como-defensor-oficial\/","title":{"rendered":"El Dr. Joaqu\u00edn Castro asumi\u00f3 como Defensor Oficial"},"content":{"rendered":"<p><!-- VideographyWP Plugin Message: Automatic video embedding prevented by plugin options. --><br \/>\nEl abogado nicole\u00f1o se ven\u00eda desempe\u00f1ando como auxiliar en la Defensor\u00eda de nuestra ciudad y el mi\u00e9rcoles jur\u00f3 como titular de la UFD Penal N\u00ba 3 de San Nicol\u00e1s.<\/p>\n<p>  Durante la tarde del mi\u00e9rcoles se produjo el acto de jura y asunci\u00f3n del Dr. Joaqu\u00edn Castro. El letrado se incorpor\u00f3 a la Defensor\u00eda Oficial del Departamento Judicial de San Nicol\u00e1s para actuar ante el Fuero Criminal y Correccional desde la unidad N\u00b0 3 de San Nicol\u00e1s, la cual se encontraba vacante.<br \/>\n  La incorporaci\u00f3n de Castro como titular de la Defensor\u00eda se dio luego de que se efectuaran los pasos protocolares correspondientes y tras la aprobaci\u00f3n del senado fuera rubricado por la gobernadora Mar\u00eda Eugenia Vidal quien aprob\u00f3 10 nuevos decretos de designaci\u00f3n el pasado 10 de Julio.<br \/>\n  El Dr. Castro se estaba desempe\u00f1ando como auxiliar letrado en la Defensor\u00eda del Dr. Alejandro Ares en nuestra ciudad, localidad en donde se hab\u00eda afincado desde hace unos a\u00f1os junto a su familia.  <\/p>\n<p>Fuente: San Pedro Informa<\/p>\n","protected":false},"excerpt":{"rendered":"<p>El abogado nicole\u00f1o se ven\u00eda desempe\u00f1ando como auxiliar en la Defensor\u00eda de nuestra ciudad y el mi\u00e9rcoles jur\u00f3 como titular de la UFD Penal N\u00ba 3 de San Nicol\u00e1s. Durante la tarde del mi\u00e9rcoles se produjo el acto de jura y asunci\u00f3n del Dr. Joaqu\u00edn Castro. El letrado se incorpor\u00f3 a la Defensor\u00eda Oficial del [&hellip;]<\/p>\n","protected":false},"author":4,"featured_media":41386,"comment_status":"open","ping_status":"closed","sticky":false,"template":"","format":"standard","meta":{"om_disable_all_campaigns":false,"_jetpack_memberships_contains_paid_content":false,"footnotes":""},"categories":[101,2],"tags":[],"class_list":["post-41385","post","type-post","status-publish","format-standard","has-post-thumbnail","hentry","category-interes-general-locales","category-locales"],"aioseo_notices":[],"gutentor_comment":0,"jetpack_featured_media_url":"https:\/\/eldiariodesanpedro.com.ar\/sitio\/wp-content\/uploads\/2018\/10\/Joaquin_Castro_asumio_como_Defensor_Oficial.jpg","jetpack_shortlink":"https:\/\/wp.me\/p6RhLt-aLv","jetpack_sharing_enabled":true,"_links":{"self":[{"href":"https:\/\/eldiariodesanpedro.com.ar\/sitio\/wp-json\/wp\/v2\/posts\/41385","targetHints":{"allow":["GET"]}}],"collection":[{"href":"https:\/\/eldiariodesanpedro.com.ar\/sitio\/wp-json\/wp\/v2\/posts"}],"about":[{"href":"https:\/\/eldiariodesanpedro.com.ar\/sitio\/wp-json\/wp\/v2\/types\/post"}],"author":[{"embeddable":true,"href":"https:\/\/eldiariodesanpedro.com.ar\/sitio\/wp-json\/wp\/v2\/users\/4"}],"replies":[{"embeddable":true,"href":"https:\/\/eldiariodesanpedro.com.ar\/sitio\/wp-json\/wp\/v2\/comments?post=41385"}],"version-history":[{"count":1,"href":"https:\/\/eldiariodesanpedro.com.ar\/sitio\/wp-json\/wp\/v2\/posts\/41385\/revisions"}],"predecessor-version":[{"id":41388,"href":"https:\/\/eldiariodesanpedro.com.ar\/sitio\/wp-json\/wp\/v2\/posts\/41385\/revisions\/41388"}],"wp:featuredmedia":[{"embeddable":true,"href":"https:\/\/eldiariodesanpedro.com.ar\/sitio\/wp-json\/wp\/v2\/media\/41386"}],"wp:attachment":[{"href":"https:\/\/eldiariodesanpedro.com.ar\/sitio\/wp-json\/wp\/v2\/media?parent=41385"}],"wp:term":[{"taxonomy":"category","embeddable":true,"href":"https:\/\/eldiariodesanpedro.com.ar\/sitio\/wp-json\/wp\/v2\/categories?post=41385"},{"taxonomy":"post_tag","embeddable":true,"href":"https:\/\/eldiariodesanpedro.com.ar\/sitio\/wp-json\/wp\/v2\/tags?post=41385"}],"curies":[{"name":"wp","href":"https:\/\/api.w.org\/{rel}","templated":true}]}}