{"id":41382,"date":"2018-10-05T17:45:02","date_gmt":"2018-10-05T20:45:02","guid":{"rendered":"https:\/\/eldiariodesanpedro.com.ar\/sitio\/?p=41382"},"modified":"2018-10-05T17:45:02","modified_gmt":"2018-10-05T20:45:02","slug":"busqueda-de-contador-para-el-ccit","status":"publish","type":"post","link":"https:\/\/eldiariodesanpedro.com.ar\/sitio\/busqueda-de-contador-para-el-ccit\/","title":{"rendered":"B\u00fasqueda de Contador para el CCIT"},"content":{"rendered":"<p><!-- VideographyWP Plugin Message: Automatic video embedding prevented by plugin options. --><br \/>\nLa Comisi\u00f3n Directiva del Centro de Comercio, Industria y Turismo de San Pedro remiti\u00f3 al C\u00edrculo de Contadores de nuestra ciudad una nota en la que informa que se encuentra en la b\u00fasqueda de un profesional para brindar servicios a la instituci\u00f3n. Est\u00e1 abierta la recepci\u00f3n de curr\u00edculums de los interesados con una propuesta de honorarios pretendidos.<\/p>\n<p> Las tareas para las cu\u00e1les la entidad se encuentra abocada a la b\u00fasqueda son:<\/p>\n<p> * Asesoramiento contable e impositivo.<br \/>\n* Confecci\u00f3n del Balance General anual.<br \/>\n* Reorganizaci\u00f3n del sistema administrativo, conforme a las necesidades detectadas en el informe de auditoria celebrada, aplicando el r\u00e9gimen contable de la partida doble y asistiendo a la administraci\u00f3n conforme a las necesidades que sean pautadas.<br \/>\n* Redacci\u00f3n de manuales de procedimientos, delimitando las tareas administrativas, con indicadores y controles peri\u00f3dicos<br \/>\n* Optimizaci\u00f3n de recursos humanos.<br \/>\n\u2022 Organizaci\u00f3n de procesos operativos internos.<br \/>\n\u2022 Diagramaci\u00f3n de los controles internos.<br \/>\n\u2022 Reorganizaci\u00f3n del proceso de registro de la informaci\u00f3n econ\u00f3mica y financiera, hasta tanto se disponga de un software que integre toda la informaci\u00f3n.<br \/>\n\u2022 Control  y registro de ingresos y egresos de caja diaria.<br \/>\n\u2022 Instrumentaci\u00f3n de todos los ingresos de fondos, con el  respaldo por comprobantes.<br \/>\n* Registro de los mismos para operar el cotejo de cada ingreso con cada comprobante f\u00edsico.<br \/>\n\u2022 Registro diario de las operaciones contables, teniendo como base los comprobantes contables correspondientes (facturas, \u00f3rdenes de pago, recibos, facturas, cheques, etc.), a los efectos del control de ingresos y gastos, y por ende la gesti\u00f3n financiera.<br \/>\n* Realizaci\u00f3n del proceso peri\u00f3dico de importaci\u00f3n de pagos.<br \/>\n\u2022 Realizaci\u00f3n de  arqueos de fondos mensuales para determinar la posici\u00f3n financiera de la organizaci\u00f3n, aplicando la intervenci\u00f3n del tesorero de la entidad y la respectiva Comisi\u00f3n Revisora de Cuentas.<br \/>\n\u2022 Establecer los controles necesarios para cruzar los datos de facturaci\u00f3n, cobros, pagos.<br \/>\n\u2022 Control de cobranzas en el per\u00edodo a convenir con la C.D.<br \/>\n\u2022 Controles del circuito de pagos mediante  arqueos peri\u00f3dicos.<br \/>\n\u2022 Realizaci\u00f3n del informe mensual de ingresos y egresos, aplicando un m\u00e9todo que asegure el conocimiento exacto de la situaci\u00f3n al cierre de cada mes.<br \/>\n\u2022 Realizaci\u00f3n de las conciliaciones bancarias, controladas peri\u00f3dicamente  para analizar el flujo financiero y detectar errores u omisiones.<br \/>\n\u2022 Codificaci\u00f3n e identificaci\u00f3n de todos y cada uno de los Bienes de Uso.<br \/>\n\u2022 Confecci\u00f3n del presupuesto mensual\/anual normalizado a los efectos de preveer los ingresos para hacer frente a los gastos, teniendo en cuenta la temporalidad de los mismos.<br \/>\n* Previsi\u00f3n de fondos para Junio y diciembre de cada a\u00f1o, por el pago de aguinaldos y eventos del fin de a\u00f1o.<\/p>\n","protected":false},"excerpt":{"rendered":"<p>La Comisi\u00f3n Directiva del Centro de Comercio, Industria y Turismo de San Pedro remiti\u00f3 al C\u00edrculo de Contadores de nuestra ciudad una nota en la que informa que se encuentra en la b\u00fasqueda de un profesional para brindar servicios a la instituci\u00f3n. Est\u00e1 abierta la recepci\u00f3n de curr\u00edculums de los interesados con una propuesta de [&hellip;]<\/p>\n","protected":false},"author":4,"featured_media":32119,"comment_status":"open","ping_status":"closed","sticky":false,"template":"","format":"standard","meta":{"om_disable_all_campaigns":false,"_jetpack_memberships_contains_paid_content":false,"footnotes":""},"categories":[101,2],"tags":[],"class_list":["post-41382","post","type-post","status-publish","format-standard","has-post-thumbnail","hentry","category-interes-general-locales","category-locales"],"aioseo_notices":[],"gutentor_comment":0,"jetpack_featured_media_url":"https:\/\/eldiariodesanpedro.com.ar\/sitio\/wp-content\/uploads\/2018\/04\/centro-de-comercio-e-industria-san-pedro.jpg","jetpack_shortlink":"https:\/\/wp.me\/p6RhLt-aLs","jetpack_sharing_enabled":true,"_links":{"self":[{"href":"https:\/\/eldiariodesanpedro.com.ar\/sitio\/wp-json\/wp\/v2\/posts\/41382","targetHints":{"allow":["GET"]}}],"collection":[{"href":"https:\/\/eldiariodesanpedro.com.ar\/sitio\/wp-json\/wp\/v2\/posts"}],"about":[{"href":"https:\/\/eldiariodesanpedro.com.ar\/sitio\/wp-json\/wp\/v2\/types\/post"}],"author":[{"embeddable":true,"href":"https:\/\/eldiariodesanpedro.com.ar\/sitio\/wp-json\/wp\/v2\/users\/4"}],"replies":[{"embeddable":true,"href":"https:\/\/eldiariodesanpedro.com.ar\/sitio\/wp-json\/wp\/v2\/comments?post=41382"}],"version-history":[{"count":1,"href":"https:\/\/eldiariodesanpedro.com.ar\/sitio\/wp-json\/wp\/v2\/posts\/41382\/revisions"}],"predecessor-version":[{"id":41383,"href":"https:\/\/eldiariodesanpedro.com.ar\/sitio\/wp-json\/wp\/v2\/posts\/41382\/revisions\/41383"}],"wp:featuredmedia":[{"embeddable":true,"href":"https:\/\/eldiariodesanpedro.com.ar\/sitio\/wp-json\/wp\/v2\/media\/32119"}],"wp:attachment":[{"href":"https:\/\/eldiariodesanpedro.com.ar\/sitio\/wp-json\/wp\/v2\/media?parent=41382"}],"wp:term":[{"taxonomy":"category","embeddable":true,"href":"https:\/\/eldiariodesanpedro.com.ar\/sitio\/wp-json\/wp\/v2\/categories?post=41382"},{"taxonomy":"post_tag","embeddable":true,"href":"https:\/\/eldiariodesanpedro.com.ar\/sitio\/wp-json\/wp\/v2\/tags?post=41382"}],"curies":[{"name":"wp","href":"https:\/\/api.w.org\/{rel}","templated":true}]}}