{"id":41379,"date":"2018-10-05T17:18:17","date_gmt":"2018-10-05T20:18:17","guid":{"rendered":"https:\/\/eldiariodesanpedro.com.ar\/sitio\/?p=41379"},"modified":"2018-10-05T17:18:17","modified_gmt":"2018-10-05T20:18:17","slug":"segunda-encuesta-nacional-de-nutricion-y-salud-en-san-pedro","status":"publish","type":"post","link":"https:\/\/eldiariodesanpedro.com.ar\/sitio\/segunda-encuesta-nacional-de-nutricion-y-salud-en-san-pedro\/","title":{"rendered":"Segunda Encuesta Nacional de Nutrici\u00f3n y Salud en San Pedro"},"content":{"rendered":"<p><!-- VideographyWP Plugin Message: Automatic video embedding prevented by plugin options. --><br \/>\nSan Pedro recibi\u00f3 en el d\u00eda de hoy a agentes de la Segunda Encuesta Nacional de Nutrici\u00f3n y Salud que realizaron en diferentes barrios de la ciudad con domicilios determinados por los propios encuestadores, las preguntas que forman parte de muestreo muy importante para el seguimiento de estad\u00edsticas e indicadores que luego son tomados como referencia para el fortalecimiento y desarrollo de pol\u00edticas p\u00fablicas en esta materia.<\/p>\n<p>Una consultora contratada por la Direcci\u00f3n Nacional de Promoci\u00f3n de la Salud y Control de Enfermedades No Transmisibles y la Direcci\u00f3n Nacional de Maternidad, Infancia y Adolescencia del Ministerio de Salud de la Naci\u00f3n lleva adelante este estudio que incluye mediciones antropom\u00e9tricas (peso y talla), extracciones de sangre, extracci\u00f3n de sangre, preguntas y otros estudios voluntarios. Al finalizar cada visita, los participantes reciben una planilla con los datos obtenidos cumpliendo con el derecho de cada individuo a recibir la informaci\u00f3n que se ha recabado de sus pruebas. <\/p>\n<p>En cuanto a las muestras de sangre se garantizar\u00e1 que las personas participantes de la encuesta accedan a los resultados de sus an\u00e1lisis de laboratorio.<\/p>\n<p>El plan comenz\u00f3 hace algunas semanas en diferentes puntos del pa\u00eds, buscando herramientas para resolver importantes problem\u00e1ticas como el sobrepeso y la obesidad de ni\u00f1os y adultos, la carencia de nutrientes esenciales que pueden generar anemia, la baja talla o desnutrici\u00f3n cr\u00f3nica, entre otras.<\/p>\n","protected":false},"excerpt":{"rendered":"<p>San Pedro recibi\u00f3 en el d\u00eda de hoy a agentes de la Segunda Encuesta Nacional de Nutrici\u00f3n y Salud que realizaron en diferentes barrios de la ciudad con domicilios determinados por los propios encuestadores, las preguntas que forman parte de muestreo muy importante para el seguimiento de estad\u00edsticas e indicadores que luego son tomados como [&hellip;]<\/p>\n","protected":false},"author":4,"featured_media":41380,"comment_status":"open","ping_status":"closed","sticky":false,"template":"","format":"standard","meta":{"om_disable_all_campaigns":false,"_jetpack_memberships_contains_paid_content":false,"footnotes":""},"categories":[101,2],"tags":[],"class_list":["post-41379","post","type-post","status-publish","format-standard","has-post-thumbnail","hentry","category-interes-general-locales","category-locales"],"aioseo_notices":[],"gutentor_comment":0,"jetpack_featured_media_url":"https:\/\/eldiariodesanpedro.com.ar\/sitio\/wp-content\/uploads\/2018\/10\/pastedImage-1-1.png","jetpack_shortlink":"https:\/\/wp.me\/p6RhLt-aLp","jetpack_sharing_enabled":true,"_links":{"self":[{"href":"https:\/\/eldiariodesanpedro.com.ar\/sitio\/wp-json\/wp\/v2\/posts\/41379","targetHints":{"allow":["GET"]}}],"collection":[{"href":"https:\/\/eldiariodesanpedro.com.ar\/sitio\/wp-json\/wp\/v2\/posts"}],"about":[{"href":"https:\/\/eldiariodesanpedro.com.ar\/sitio\/wp-json\/wp\/v2\/types\/post"}],"author":[{"embeddable":true,"href":"https:\/\/eldiariodesanpedro.com.ar\/sitio\/wp-json\/wp\/v2\/users\/4"}],"replies":[{"embeddable":true,"href":"https:\/\/eldiariodesanpedro.com.ar\/sitio\/wp-json\/wp\/v2\/comments?post=41379"}],"version-history":[{"count":1,"href":"https:\/\/eldiariodesanpedro.com.ar\/sitio\/wp-json\/wp\/v2\/posts\/41379\/revisions"}],"predecessor-version":[{"id":41381,"href":"https:\/\/eldiariodesanpedro.com.ar\/sitio\/wp-json\/wp\/v2\/posts\/41379\/revisions\/41381"}],"wp:featuredmedia":[{"embeddable":true,"href":"https:\/\/eldiariodesanpedro.com.ar\/sitio\/wp-json\/wp\/v2\/media\/41380"}],"wp:attachment":[{"href":"https:\/\/eldiariodesanpedro.com.ar\/sitio\/wp-json\/wp\/v2\/media?parent=41379"}],"wp:term":[{"taxonomy":"category","embeddable":true,"href":"https:\/\/eldiariodesanpedro.com.ar\/sitio\/wp-json\/wp\/v2\/categories?post=41379"},{"taxonomy":"post_tag","embeddable":true,"href":"https:\/\/eldiariodesanpedro.com.ar\/sitio\/wp-json\/wp\/v2\/tags?post=41379"}],"curies":[{"name":"wp","href":"https:\/\/api.w.org\/{rel}","templated":true}]}}