{"id":41376,"date":"2018-10-05T17:13:34","date_gmt":"2018-10-05T20:13:34","guid":{"rendered":"https:\/\/eldiariodesanpedro.com.ar\/sitio\/?p=41376"},"modified":"2018-10-05T17:13:34","modified_gmt":"2018-10-05T20:13:34","slug":"acompanamiento-y-seguimiento-del-ministerio-de-gobierno-y-economia-de-la-provincia-a-la-gestion-municipal","status":"publish","type":"post","link":"https:\/\/eldiariodesanpedro.com.ar\/sitio\/acompanamiento-y-seguimiento-del-ministerio-de-gobierno-y-economia-de-la-provincia-a-la-gestion-municipal\/","title":{"rendered":"Acompa\u00f1amiento y seguimiento del Ministerio de Gobierno y Econom\u00eda de la Provincia a la gesti\u00f3n municipal"},"content":{"rendered":"<p><!-- VideographyWP Plugin Message: Automatic video embedding prevented by plugin options. --><br \/>\nEste viernes por la ma\u00f1ana se llev\u00f3 a cabo una nueva reuni\u00f3n de seguimiento y acompa\u00f1amiento al sector econ\u00f3mico de la Municipalidad de San Pedro con la participaci\u00f3n de representantes del Ministerio de Gobierno y Econom\u00eda de la Provincia de Buenos Aires. <\/p>\n<p>El Intendente Cecilio Salazar acompa\u00f1ado de secretarios y directores de todas las \u00e1reas compartieron este encuentro enmarcado en el seguimiento y acompa\u00f1amiento de la pol\u00edtica provincial que orienta a los municipios para mantener un adecuado equilibrio fiscal. <\/p>\n<p>Los funcionarios hicieron hincapi\u00e9 en que en la actual coyuntura, cada \u00e1rea debe hacer el m\u00e1ximo esfuerzo por controlar su gasto, respaldar esas erogaciones con una mejor recaudaci\u00f3n y as\u00ed confluir en una econom\u00eda municipal sana que no vea afectado su funcionamiento, el salario de sus enmpleados, el pago a proveedores y contratistas y todo aquello que con mucho esfuerzo se ha comenzado a revertir en los \u00faltimos a\u00f1os.<\/p>\n<p>Destacaron que lo m\u00e1s importante para el desarrollo sustentable y el equilibro fiscal es la autonom\u00eda del municipio y en este sentido el cumplimiento en el pago de las tasas y una adecuada contraprestaci\u00f3n, es fundamental como punto de apoyo para la continuidad de servicios que hoy se brindan, entre ellos el de Salud que ofrece una cobertura sanitaria general a miles de vecinos en San Pedro y en las localidades con los hospitales y los centros de atenci\u00f3n primaria que afrontan honorarios m\u00e9dicos con una fuerte inversi\u00f3n municipal.<\/p>\n<p>Los funcionarios visitantes volvieron a remarcar la necesidad de una expsansi\u00f3n de las buenas pr\u00e1cticas econ\u00f3micas, la optimizaci\u00f3n de los recursos y la defensa de la gesti\u00f3n desde cada una de las \u00e1reas que compone el gobierno que encabeza el Intendente Cecilio Salazar.<\/p>\n","protected":false},"excerpt":{"rendered":"<p>Este viernes por la ma\u00f1ana se llev\u00f3 a cabo una nueva reuni\u00f3n de seguimiento y acompa\u00f1amiento al sector econ\u00f3mico de la Municipalidad de San Pedro con la participaci\u00f3n de representantes del Ministerio de Gobierno y Econom\u00eda de la Provincia de Buenos Aires. El Intendente Cecilio Salazar acompa\u00f1ado de secretarios y directores de todas las \u00e1reas [&hellip;]<\/p>\n","protected":false},"author":4,"featured_media":41377,"comment_status":"open","ping_status":"closed","sticky":false,"template":"","format":"standard","meta":{"om_disable_all_campaigns":false,"_jetpack_memberships_contains_paid_content":false,"footnotes":""},"categories":[101,2],"tags":[],"class_list":["post-41376","post","type-post","status-publish","format-standard","has-post-thumbnail","hentry","category-interes-general-locales","category-locales"],"aioseo_notices":[],"gutentor_comment":0,"jetpack_featured_media_url":"https:\/\/eldiariodesanpedro.com.ar\/sitio\/wp-content\/uploads\/2018\/10\/BI4A8600.jpg","jetpack_shortlink":"https:\/\/wp.me\/p6RhLt-aLm","jetpack_sharing_enabled":true,"_links":{"self":[{"href":"https:\/\/eldiariodesanpedro.com.ar\/sitio\/wp-json\/wp\/v2\/posts\/41376","targetHints":{"allow":["GET"]}}],"collection":[{"href":"https:\/\/eldiariodesanpedro.com.ar\/sitio\/wp-json\/wp\/v2\/posts"}],"about":[{"href":"https:\/\/eldiariodesanpedro.com.ar\/sitio\/wp-json\/wp\/v2\/types\/post"}],"author":[{"embeddable":true,"href":"https:\/\/eldiariodesanpedro.com.ar\/sitio\/wp-json\/wp\/v2\/users\/4"}],"replies":[{"embeddable":true,"href":"https:\/\/eldiariodesanpedro.com.ar\/sitio\/wp-json\/wp\/v2\/comments?post=41376"}],"version-history":[{"count":1,"href":"https:\/\/eldiariodesanpedro.com.ar\/sitio\/wp-json\/wp\/v2\/posts\/41376\/revisions"}],"predecessor-version":[{"id":41378,"href":"https:\/\/eldiariodesanpedro.com.ar\/sitio\/wp-json\/wp\/v2\/posts\/41376\/revisions\/41378"}],"wp:featuredmedia":[{"embeddable":true,"href":"https:\/\/eldiariodesanpedro.com.ar\/sitio\/wp-json\/wp\/v2\/media\/41377"}],"wp:attachment":[{"href":"https:\/\/eldiariodesanpedro.com.ar\/sitio\/wp-json\/wp\/v2\/media?parent=41376"}],"wp:term":[{"taxonomy":"category","embeddable":true,"href":"https:\/\/eldiariodesanpedro.com.ar\/sitio\/wp-json\/wp\/v2\/categories?post=41376"},{"taxonomy":"post_tag","embeddable":true,"href":"https:\/\/eldiariodesanpedro.com.ar\/sitio\/wp-json\/wp\/v2\/tags?post=41376"}],"curies":[{"name":"wp","href":"https:\/\/api.w.org\/{rel}","templated":true}]}}